{"id":25682,"date":"2015-06-27T13:51:33","date_gmt":"2015-06-27T10:51:33","guid":{"rendered":"http:\/\/sana.sy\/es\/?p=25682"},"modified":"2015-06-27T13:51:33","modified_gmt":"2015-06-27T10:51:33","slug":"al-zoabi-defender-a-hassakeh-es-un-deber-conjunto-de-su-poblacion-y-del-ejercito-sirio","status":"publish","type":"post","link":"https:\/\/archive.sana.sy\/es\/?p=25682","title":{"rendered":"Al-Zoabi: defender a Hassakeh es un deber conjunto de su poblaci\u00f3n y del Ej\u00e9rcito sirio"},"content":{"rendered":"<p><span style=\"color: #800000\">Damasco, SANA<\/span><\/p>\n<p>El ministro de Informaci\u00f3n Omran Zoubi dijo que la defensa de la ciudad de Hassakeh ante los grupos extremistas terroristas es un deber com\u00fan de todos los ciudadanos de la ciudad y del ej\u00e9rcito sirio, llamando a todos los que pueden llevar un arma para hacer frente a estos terroristas.<\/p>\n<p>En una conversaci\u00f3n telef\u00f3nica con la TV siria, el titular sirio asegur\u00f3 que luchar contra el terrorismo es un deber de todo el pueblo.<\/p>\n<p>Al-Zoubi a\u00f1adi\u00f3 que el pueblo debe estar al lado del ej\u00e9rcito, la polic\u00eda, y las fuerzas de defensa populares para garantizar la defensa de la ciudad, porque es inaceptable permitir que los terroristas del EI se hagan del control de la situaci\u00f3n.<br \/>\nEl ministro sirio reiter\u00f3 que lo que est\u00e1 sucediendo en Hassakeh es parte de un plan dise\u00f1ado para todo el pa\u00eds, desde las salas de operaciones en Jordania y Turqu\u00eda, donde se coordina y planifica la campa\u00f1a terrorista contra Damasco.<\/p>\n<p>&#8220;Lo que est\u00e1 ocurriendo en Hassakeh no es f\u00e1cil ni sencillo, pero los hombres de esta provincia, y sus clanes y tribus, la defender\u00e1n y har\u00e1n frente a estos terroristas&#8221;, dijo el ministro sirio.<\/p>\n<p>Por \u00faltimo, al-Zoabi denunci\u00f3 la posici\u00f3n del Gobierno turco respecto al EI y sus relaciones con esta organizaci\u00f3n terrorista.<\/p>\n<p>Fady M., Lynn A.<\/p>\n","protected":false},"excerpt":{"rendered":"<p>Damasco, SANA El ministro de Informaci\u00f3n Omran Zoubi dijo que la defensa de la ciudad de Hassakeh ante los grupos extremistas terroristas es un deber com\u00fan de todos los ciudadanos de la ciudad y del ej\u00e9rcito sirio, llamando a todos los que pueden llevar un arma para hacer frente a estos terroristas. En una conversaci\u00f3n &hellip;<\/p>\n","protected":false},"author":24,"featured_media":22100,"comment_status":"closed","ping_status":"closed","sticky":false,"template":"","format":"standard","meta":{"footnotes":""},"categories":[477,597,476,576],"tags":[5760],"class_list":["post-25682","post","type-post","status-publish","format-standard","has-post-thumbnail","","category-noticias-edulcorantes","category-cinta-de-noticias","category-locales","category-noticias-politicas","tag-al-zoabi-defender-a-hassakeh-es-un-deber-conjunto-de-su-poblacion-y-del-ejercito-sirio"],"_links":{"self":[{"href":"https:\/\/archive.sana.sy\/es\/index.php?rest_route=\/wp\/v2\/posts\/25682"}],"collection":[{"href":"https:\/\/archive.sana.sy\/es\/index.php?rest_route=\/wp\/v2\/posts"}],"about":[{"href":"https:\/\/archive.sana.sy\/es\/index.php?rest_route=\/wp\/v2\/types\/post"}],"author":[{"embeddable":true,"href":"https:\/\/archive.sana.sy\/es\/index.php?rest_route=\/wp\/v2\/users\/24"}],"replies":[{"embeddable":true,"href":"https:\/\/archive.sana.sy\/es\/index.php?rest_route=%2Fwp%2Fv2%2Fcomments&post=25682"}],"version-history":[{"count":0,"href":"https:\/\/archive.sana.sy\/es\/index.php?rest_route=\/wp\/v2\/posts\/25682\/revisions"}],"wp:featuredmedia":[{"embeddable":true,"href":"https:\/\/archive.sana.sy\/es\/index.php?rest_route=\/wp\/v2\/media\/22100"}],"wp:attachment":[{"href":"https:\/\/archive.sana.sy\/es\/index.php?rest_route=%2Fwp%2Fv2%2Fmedia&parent=25682"}],"wp:term":[{"taxonomy":"category","embeddable":true,"href":"https:\/\/archive.sana.sy\/es\/index.php?rest_route=%2Fwp%2Fv2%2Fcategories&post=25682"},{"taxonomy":"post_tag","embeddable":true,"href":"https:\/\/archive.sana.sy\/es\/index.php?rest_route=%2Fwp%2Fv2%2Ftags&post=25682"}],"curies":[{"name":"wp","href":"https:\/\/api.w.org\/{rel}","templated":true}]}}