{"id":25685,"date":"2015-06-27T13:56:00","date_gmt":"2015-06-27T10:56:00","guid":{"rendered":"http:\/\/sana.sy\/es\/?p=25685"},"modified":"2015-06-28T18:01:24","modified_gmt":"2015-06-28T15:01:24","slug":"damasco-condena-atentados-terroristas-contra-tunez-y-kuwait","status":"publish","type":"post","link":"https:\/\/archive.sana.sy\/es\/?p=25685","title":{"rendered":"Damasco condena atentados terroristas contra T\u00fanez y Kuwait"},"content":{"rendered":"<p><span style=\"color: #800000\">Damasco, SANA<\/span><\/p>\n<p>El Ministerio de Exteriores y Emigrantes conden\u00f3 este s\u00e1bado el ataque terrorista cometido por terroristas del Estado Isl\u00e1mico (EI) en la ciudad de Susa al este de T\u00fanez.<\/p>\n<p>En una declaraci\u00f3n emitida el s\u00e1bado, canciller\u00eda describi\u00f3 de b\u00e1rbaro al ataque y agreg\u00f3 que Siria siempre ha advertido de la amenaza y el peligro de este flagelo internacional.<\/p>\n<p>De nuevo, canciller\u00eda denunci\u00f3 el apoyo de los gobiernos de Arabia Saudita, Qatar, y Turqu\u00eda a los terroristas en Siria.<\/p>\n<p>Seg\u00fan un portavoz del ministerio de Informaci\u00f3n de T\u00fanez, al menos 39 personas, entre ellas turistas extranjeros, perdieron la vida y otras 36 resultaron heridas el viernes en la tur\u00edstica ciudad de Susa al este de T\u00fanez, despu\u00e9s de que dos hombres armados abrieran fuego en el hotel Imperial Marhaba y el vecino Muradi Palm Marinay, en la localidad de Port El Kantaui.<\/p>\n<p>El grupo terrorista del Estado Isl\u00e1mico (EI) reivindic\u00f3 la autor\u00eda del atentado en un comunicado emitido este s\u00e1bado en su cuenta de Twitter.<\/p>\n<p><span style=\"color: #0000ff\">Damasco condena ataque terrorista en Kuwait<\/span><\/p>\n<p>De igual manera, la Canciller\u00eda siria conden\u00f3 el viernes al ataque terrorista suicida cometido por el grupo terrorista del Estado Isl\u00e1mico (EI) en una mezquita en Kuwait, y que provoc\u00f3 la muerte de 25 fieles y dej\u00f3 m\u00e1s de 200 heridos.<\/p>\n<p>En una declaraci\u00f3n emitida el viernes, canciller\u00eda calific\u00f3 de atroz y b\u00e1rbaro el ataque ocurrido en la mezquita de Im\u00e1n al-Sadeq, y dijo que es atentado forma parte de la guerra terrorista contra los pa\u00edses \u00e1rabes e isl\u00e1micos.<\/p>\n<p>La declaraci\u00f3n agreg\u00f3 que Siria siempre ha advertido de la amenaza y el peligro de este flagelo internacional, denunciando el apoyo de los gobiernos de Arabia Saudita, Qatar, y Turqu\u00eda, y el &#8220;sospechoso&#8221; silencio de la comunidad internacional al respecto.<\/p>\n<p>Canciller\u00eda ha exigido nuevamente unir los esfuerzos internacionales para combatir el terrorismo, tomando en consideraci\u00f3n las dolorosas experiencias y las lecciones aprendidas durante el enfrentamiento a las bandas fundamentalistas armadas.<\/p>\n<p>Fady M., Lynn A.<\/p>\n","protected":false},"excerpt":{"rendered":"<p>Damasco, SANA El Ministerio de Exteriores y Emigrantes conden\u00f3 este s\u00e1bado el ataque terrorista cometido por terroristas del Estado Isl\u00e1mico (EI) en la ciudad de Susa al este de T\u00fanez. En una declaraci\u00f3n emitida el s\u00e1bado, canciller\u00eda describi\u00f3 de b\u00e1rbaro al ataque y agreg\u00f3 que Siria siempre ha advertido de la amenaza y el peligro &hellip;<\/p>\n","protected":false},"author":24,"featured_media":6250,"comment_status":"closed","ping_status":"closed","sticky":false,"template":"","format":"standard","meta":{"footnotes":""},"categories":[477,476],"tags":[5761],"class_list":["post-25685","post","type-post","status-publish","format-standard","has-post-thumbnail","","category-noticias-edulcorantes","category-locales","tag-damasco-condena-atentados-terroristas-contra-tunez-y-kuwait"],"_links":{"self":[{"href":"https:\/\/archive.sana.sy\/es\/index.php?rest_route=\/wp\/v2\/posts\/25685"}],"collection":[{"href":"https:\/\/archive.sana.sy\/es\/index.php?rest_route=\/wp\/v2\/posts"}],"about":[{"href":"https:\/\/archive.sana.sy\/es\/index.php?rest_route=\/wp\/v2\/types\/post"}],"author":[{"embeddable":true,"href":"https:\/\/archive.sana.sy\/es\/index.php?rest_route=\/wp\/v2\/users\/24"}],"replies":[{"embeddable":true,"href":"https:\/\/archive.sana.sy\/es\/index.php?rest_route=%2Fwp%2Fv2%2Fcomments&post=25685"}],"version-history":[{"count":0,"href":"https:\/\/archive.sana.sy\/es\/index.php?rest_route=\/wp\/v2\/posts\/25685\/revisions"}],"wp:featuredmedia":[{"embeddable":true,"href":"https:\/\/archive.sana.sy\/es\/index.php?rest_route=\/wp\/v2\/media\/6250"}],"wp:attachment":[{"href":"https:\/\/archive.sana.sy\/es\/index.php?rest_route=%2Fwp%2Fv2%2Fmedia&parent=25685"}],"wp:term":[{"taxonomy":"category","embeddable":true,"href":"https:\/\/archive.sana.sy\/es\/index.php?rest_route=%2Fwp%2Fv2%2Fcategories&post=25685"},{"taxonomy":"post_tag","embeddable":true,"href":"https:\/\/archive.sana.sy\/es\/index.php?rest_route=%2Fwp%2Fv2%2Ftags&post=25685"}],"curies":[{"name":"wp","href":"https:\/\/api.w.org\/{rel}","templated":true}]}}