{"id":256893,"date":"2022-10-12T14:43:22","date_gmt":"2022-10-12T11:43:22","guid":{"rendered":"http:\/\/107.6.182.27\/es\/?p=256893"},"modified":"2023-01-10T15:51:49","modified_gmt":"2023-01-10T13:51:49","slug":"rusia-no-actuara-en-contra-del-sentido-comun-a-costa-suya-para-pagar-el-bienestar-de-otros-afirma-putin","status":"publish","type":"post","link":"https:\/\/archive.sana.sy\/es\/?p=256893","title":{"rendered":"&#8220;Rusia no actuar\u00e1 en contra del sentido com\u00fan, a costa suya, para pagar el bienestar de otros\u201d, afirma Putin."},"content":{"rendered":"<p style=\"text-align: justify;\"><span style=\"color: #800000;\"><strong>Mosc\u00fa, 12 oct (SANA)<\/strong><\/span> El presidente ruso Vladimir Putin intervino hoy en la sesi\u00f3n plenaria de la Semana Rusa de la Energ\u00eda que se celebra en Mosc\u00fa y aborda el futuro de la industria rusa de los combustibles y la energ\u00eda, as\u00ed como las perspectivas de cooperaci\u00f3n y desarrollo internacional en el sector energ\u00e9tico.<\/p>\n<p style=\"text-align: justify;\">El mandatario dijo que la econom\u00eda mundial atraviesa una aguda crisis debido a las acciones subversivas de los agentes del mercado que se mueven por sus ambiciones.<\/p>\n<p style=\"text-align: justify;\">El atentado en el puente de Crimea fue organizado por terroristas ucranianos y el r\u00e9gimen de Kiev emplea m\u00e9todos terroristas, dijo Putin.<\/p>\n<p style=\"text-align: justify;\">Consider\u00f3 que el sabotaje de los gasoductos North Stream es un acto de terrorismo internacional, y consider\u00f3 que es posible reparar los gasoductos, pero solo tendr\u00e1 sentido si siguen siendo operativos y seguros.<\/p>\n<p style=\"text-align: justify;\">Reiter\u00f3 que su pa\u00eds no suministrar\u00e1 recursos energ\u00e9ticos a aquellos pa\u00edses que pone tope a los precios del petr\u00f3leo.<\/p>\n<p style=\"text-align: justify;\">&#8220;Rusia no actuar\u00e1 en contra del sentido com\u00fan, a costa suya, para pagar el bienestar de otros. No suministraremos recursos energ\u00e9ticos a aquellos pa\u00edses que limiten sus precios&#8221;, comunic\u00f3 Putin.<\/p>\n<p style=\"text-align: justify;\">fm\/ed<\/p>\n","protected":false},"excerpt":{"rendered":"<p>Mosc\u00fa, 12 oct (SANA) El presidente ruso Vladimir Putin intervino hoy en la sesi\u00f3n plenaria de la Semana Rusa de la Energ\u00eda que se celebra en Mosc\u00fa y aborda el futuro de la industria rusa de los combustibles y la energ\u00eda, as\u00ed como las perspectivas de cooperaci\u00f3n y desarrollo internacional en el sector energ\u00e9tico. El &hellip;<\/p>\n","protected":false},"author":32,"featured_media":256894,"comment_status":"closed","ping_status":"closed","sticky":false,"template":"","format":"standard","meta":{"footnotes":""},"categories":[597,456,7541],"tags":[],"class_list":["post-256893","post","type-post","status-publish","format-standard","has-post-thumbnail","","category-cinta-de-noticias","category-arabe-internacional-politica","category-ultimas-noticias"],"_links":{"self":[{"href":"https:\/\/archive.sana.sy\/es\/index.php?rest_route=\/wp\/v2\/posts\/256893"}],"collection":[{"href":"https:\/\/archive.sana.sy\/es\/index.php?rest_route=\/wp\/v2\/posts"}],"about":[{"href":"https:\/\/archive.sana.sy\/es\/index.php?rest_route=\/wp\/v2\/types\/post"}],"author":[{"embeddable":true,"href":"https:\/\/archive.sana.sy\/es\/index.php?rest_route=\/wp\/v2\/users\/32"}],"replies":[{"embeddable":true,"href":"https:\/\/archive.sana.sy\/es\/index.php?rest_route=%2Fwp%2Fv2%2Fcomments&post=256893"}],"version-history":[{"count":0,"href":"https:\/\/archive.sana.sy\/es\/index.php?rest_route=\/wp\/v2\/posts\/256893\/revisions"}],"wp:featuredmedia":[{"embeddable":true,"href":"https:\/\/archive.sana.sy\/es\/index.php?rest_route=\/wp\/v2\/media\/256894"}],"wp:attachment":[{"href":"https:\/\/archive.sana.sy\/es\/index.php?rest_route=%2Fwp%2Fv2%2Fmedia&parent=256893"}],"wp:term":[{"taxonomy":"category","embeddable":true,"href":"https:\/\/archive.sana.sy\/es\/index.php?rest_route=%2Fwp%2Fv2%2Fcategories&post=256893"},{"taxonomy":"post_tag","embeddable":true,"href":"https:\/\/archive.sana.sy\/es\/index.php?rest_route=%2Fwp%2Fv2%2Ftags&post=256893"}],"curies":[{"name":"wp","href":"https:\/\/api.w.org\/{rel}","templated":true}]}}