{"id":25702,"date":"2015-06-27T15:26:59","date_gmt":"2015-06-27T12:26:59","guid":{"rendered":"http:\/\/sana.sy\/es\/?p=25702"},"modified":"2015-06-27T15:28:32","modified_gmt":"2015-06-27T12:28:32","slug":"terrorista-vuelven-a-atacar-la-ciudad-de-deraa-con-misiles","status":"publish","type":"post","link":"https:\/\/archive.sana.sy\/es\/?p=25702","title":{"rendered":"Terrorista vuelven a atacar la ciudad de Deraa con misiles"},"content":{"rendered":"<p><span style=\"color: #800000\">Deraa, SANA<\/span><\/p>\n<p>Una fuente en la provincia de Deraa inform\u00f3 que un misil disparado por terroristas contra la sede del Establecimiento P\u00fablico del Agua Potable caus\u00f3 la muerte de uno de sus empleados y diferentes da\u00f1os materiales.<\/p>\n<p>La fuente a\u00f1adi\u00f3 que un n\u00famero de civiles, entre ellos ni\u00f1os y mujeres resultaron heridos tras una serie de ataques terroristas con misiles contra varios barrios de la ciudad de Deraa.<\/p>\n<p>Los ataques causaron tambi\u00e9n da\u00f1os materiales tanto en las propiedades p\u00fablicas como privadas.<\/p>\n<p>Es de se\u00f1alar que las organizaciones terroristas libraron durante las \u00faltimas 48 horas una serie de ataques con centenares de misiles, proyectiles mortero y bombonas de gas contra la ciudad sure\u00f1a de Deraa, causando hasta la fecha la muerte de 9 personas y heridas a decenas, adem\u00e1s de significativos da\u00f1os materiales.<\/p>\n<p>&nbsp;<\/p>\n<p>Lynn A.<\/p>\n<p>&nbsp;<\/p>\n","protected":false},"excerpt":{"rendered":"<p>Deraa, SANA Una fuente en la provincia de Deraa inform\u00f3 que un misil disparado por terroristas contra la sede del Establecimiento P\u00fablico del Agua Potable caus\u00f3 la muerte de uno de sus empleados y diferentes da\u00f1os materiales. La fuente a\u00f1adi\u00f3 que un n\u00famero de civiles, entre ellos ni\u00f1os y mujeres resultaron heridos tras una serie &hellip;<\/p>\n","protected":false},"author":24,"featured_media":17691,"comment_status":"closed","ping_status":"closed","sticky":false,"template":"","format":"standard","meta":{"footnotes":""},"categories":[477,597,573,476],"tags":[5765],"class_list":["post-25702","post","type-post","status-publish","format-standard","has-post-thumbnail","","category-noticias-edulcorantes","category-cinta-de-noticias","category-la-realidad-de-los-acontecimientos-en-siria","category-locales","tag-terrorista-vuelven-a-atacar-la-ciudad-de-deraa-con-misiles"],"_links":{"self":[{"href":"https:\/\/archive.sana.sy\/es\/index.php?rest_route=\/wp\/v2\/posts\/25702"}],"collection":[{"href":"https:\/\/archive.sana.sy\/es\/index.php?rest_route=\/wp\/v2\/posts"}],"about":[{"href":"https:\/\/archive.sana.sy\/es\/index.php?rest_route=\/wp\/v2\/types\/post"}],"author":[{"embeddable":true,"href":"https:\/\/archive.sana.sy\/es\/index.php?rest_route=\/wp\/v2\/users\/24"}],"replies":[{"embeddable":true,"href":"https:\/\/archive.sana.sy\/es\/index.php?rest_route=%2Fwp%2Fv2%2Fcomments&post=25702"}],"version-history":[{"count":0,"href":"https:\/\/archive.sana.sy\/es\/index.php?rest_route=\/wp\/v2\/posts\/25702\/revisions"}],"wp:featuredmedia":[{"embeddable":true,"href":"https:\/\/archive.sana.sy\/es\/index.php?rest_route=\/wp\/v2\/media\/17691"}],"wp:attachment":[{"href":"https:\/\/archive.sana.sy\/es\/index.php?rest_route=%2Fwp%2Fv2%2Fmedia&parent=25702"}],"wp:term":[{"taxonomy":"category","embeddable":true,"href":"https:\/\/archive.sana.sy\/es\/index.php?rest_route=%2Fwp%2Fv2%2Fcategories&post=25702"},{"taxonomy":"post_tag","embeddable":true,"href":"https:\/\/archive.sana.sy\/es\/index.php?rest_route=%2Fwp%2Fv2%2Ftags&post=25702"}],"curies":[{"name":"wp","href":"https:\/\/api.w.org\/{rel}","templated":true}]}}