{"id":257030,"date":"2022-10-13T10:56:14","date_gmt":"2022-10-13T07:56:14","guid":{"rendered":"http:\/\/107.6.182.27\/es\/?p=257030"},"modified":"2022-10-13T10:56:14","modified_gmt":"2022-10-13T07:56:14","slug":"mueren-17-terroristas-y-tres-civiles-en-choques-entre-grupos-terroristas-en-el-norte-de-siria","status":"publish","type":"post","link":"https:\/\/archive.sana.sy\/es\/?p=257030","title":{"rendered":"Mueren 17 terroristas y tres civiles en choques entre grupos terroristas en el norte de Siria"},"content":{"rendered":"<p style=\"text-align: justify;\"><span style=\"color: #800000;\"><strong>Alepo, 13 oct (SANA)\u00a0<\/strong> <\/span>\u00a0Tres civiles perdieron la vida por los violentos enfrentamientos entre grupos terroristas mercenarios del ocupante turco en el norte de la provincia de Alepo.<\/p>\n<p>Los enfrentamientos provocaron bajas y heridos en las filas de los mercenarios en pugna.<\/p>\n<p style=\"text-align: justify;\">&#8220;Los combates entre los terroristas apoyados por las fuerzas de ocupaci\u00f3n turcas afiliadas al llamado &#8220;Frente Al-Shamia&#8221; y la llamada &#8220;Divisi\u00f3n Hamza&#8221; causaron la muerte de 17 terroristas y lesiones a otros 31 en ambos bandos&#8221;, afirmaron activistas citados por SANA.<\/p>\n<p style=\"text-align: justify;\">Asimismo, tres civiles murieron como consecuencia del bombardeo indiscriminado entre las bandas rivales.<\/p>\n<p style=\"text-align: justify;\">Se emplearon en los choques armas ligeras y medianas, tanques, artiller\u00eda pesada y ametralladoras, lo cual oblig\u00f3 a los residentes a esconderse en los s\u00f3tanos de las casas y a cerrar comercios y escuelas, se\u00f1alaron las fuentes.<\/p>\n<p style=\"text-align: justify;\">ed\/fm<\/p>\n<p style=\"text-align: justify;\">\n","protected":false},"excerpt":{"rendered":"<p>Alepo, 13 oct (SANA)\u00a0 \u00a0Tres civiles perdieron la vida por los violentos enfrentamientos entre grupos terroristas mercenarios del ocupante turco en el norte de la provincia de Alepo. Los enfrentamientos provocaron bajas y heridos en las filas de los mercenarios en pugna. &#8220;Los combates entre los terroristas apoyados por las fuerzas de ocupaci\u00f3n turcas afiliadas &hellip;<\/p>\n","protected":false},"author":32,"featured_media":199809,"comment_status":"closed","ping_status":"closed","sticky":false,"template":"","format":"standard","meta":{"footnotes":""},"categories":[477,447,597,476,7541],"tags":[2626,6553],"class_list":["post-257030","post","type-post","status-publish","format-standard","has-post-thumbnail","","category-noticias-edulcorantes","category-local-politica","category-cinta-de-noticias","category-locales","category-ultimas-noticias","tag-alepo","tag-siria"],"_links":{"self":[{"href":"https:\/\/archive.sana.sy\/es\/index.php?rest_route=\/wp\/v2\/posts\/257030"}],"collection":[{"href":"https:\/\/archive.sana.sy\/es\/index.php?rest_route=\/wp\/v2\/posts"}],"about":[{"href":"https:\/\/archive.sana.sy\/es\/index.php?rest_route=\/wp\/v2\/types\/post"}],"author":[{"embeddable":true,"href":"https:\/\/archive.sana.sy\/es\/index.php?rest_route=\/wp\/v2\/users\/32"}],"replies":[{"embeddable":true,"href":"https:\/\/archive.sana.sy\/es\/index.php?rest_route=%2Fwp%2Fv2%2Fcomments&post=257030"}],"version-history":[{"count":0,"href":"https:\/\/archive.sana.sy\/es\/index.php?rest_route=\/wp\/v2\/posts\/257030\/revisions"}],"wp:featuredmedia":[{"embeddable":true,"href":"https:\/\/archive.sana.sy\/es\/index.php?rest_route=\/wp\/v2\/media\/199809"}],"wp:attachment":[{"href":"https:\/\/archive.sana.sy\/es\/index.php?rest_route=%2Fwp%2Fv2%2Fmedia&parent=257030"}],"wp:term":[{"taxonomy":"category","embeddable":true,"href":"https:\/\/archive.sana.sy\/es\/index.php?rest_route=%2Fwp%2Fv2%2Fcategories&post=257030"},{"taxonomy":"post_tag","embeddable":true,"href":"https:\/\/archive.sana.sy\/es\/index.php?rest_route=%2Fwp%2Fv2%2Ftags&post=257030"}],"curies":[{"name":"wp","href":"https:\/\/api.w.org\/{rel}","templated":true}]}}