{"id":257088,"date":"2022-10-13T12:50:51","date_gmt":"2022-10-13T09:50:51","guid":{"rendered":"http:\/\/107.6.182.27\/es\/?p=257088"},"modified":"2022-10-13T12:50:51","modified_gmt":"2022-10-13T09:50:51","slug":"destacada-presencia-de-taekwondistas-sirios-en-dos-campeonatos-arabes","status":"publish","type":"post","link":"https:\/\/archive.sana.sy\/es\/?p=257088","title":{"rendered":"Destacada presencia de taekwondistas sirios en dos campeonatos \u00e1rabes"},"content":{"rendered":"<p><strong><span style=\"color: #800000;\">Beirut, 13 oct (SANA)\u00a0<\/span> <\/strong>Siria obtuvo varias medallas de oro, plata y bronce en el Campeonato Abierto de Taekwondo de Beirut, clasificado por la Federaci\u00f3n Mundial de Taekwondo (G2), y en el Campeonato \u00c1rabe celebrado en la capital libanesa, Beirut.<\/p>\n<p>En el Campeonato Abierto de Beirut, el equipo sirio logr\u00f3 tres medallas de plata y cuatro de bronce con la participaci\u00f3n de 490 jugadores de Asia, Europa y \u00c1frica.<\/p>\n<p>Asimismo, los Taekwondistas sirios conquistaron otras 16 preseas en el Campeonato \u00c1rabe, dos de oro, siete de plata y siete de bronce.<\/p>\n<p>El jefe de la Federaci\u00f3n de Taekwondo, Sherif Derki, explic\u00f3 que este s\u00faper resultado conquistado por Siria es muy importante para el deporte sirio en general, y para el taekwondo en particular donde nuestro equipo nacional juvenil ocup\u00f3 el tercer lugar en la clasificaci\u00f3n general.<\/p>\n<div id='gallery-1' class='gallery galleryid-257088 gallery-columns-1 gallery-size-full'><figure class='gallery-item'>\n\t\t\t<div class='gallery-icon landscape'>\n\t\t\t\t<a href='https:\/\/archive.sana.sy\/es\/?attachment_id=257090'><img loading=\"lazy\" decoding=\"async\" width=\"660\" height=\"453\" src=\"https:\/\/archive.sana.sy\/es\/wp-content\/uploads\/2022\/10\/21-9.jpg\" class=\"attachment-full size-full\" alt=\"\" srcset=\"https:\/\/archive.sana.sy\/es\/wp-content\/uploads\/2022\/10\/21-9.jpg 660w, https:\/\/archive.sana.sy\/es\/wp-content\/uploads\/2022\/10\/21-9-300x206.jpg 300w, https:\/\/archive.sana.sy\/es\/wp-content\/uploads\/2022\/10\/21-9-150x103.jpg 150w, https:\/\/archive.sana.sy\/es\/wp-content\/uploads\/2022\/10\/21-9-110x75.jpg 110w\" sizes=\"(max-width: 660px) 100vw, 660px\" \/><\/a>\n\t\t\t<\/div><\/figure>\n\t\t<\/div>\n\n<p><em><span style=\"color: #000000;\"><strong>ws\/fm<\/strong><\/span><\/em><\/p>\n","protected":false},"excerpt":{"rendered":"<p>Beirut, 13 oct (SANA)\u00a0 Siria obtuvo varias medallas de oro, plata y bronce en el Campeonato Abierto de Taekwondo de Beirut, clasificado por la Federaci\u00f3n Mundial de Taekwondo (G2), y en el Campeonato \u00c1rabe celebrado en la capital libanesa, Beirut. En el Campeonato Abierto de Beirut, el equipo sirio logr\u00f3 tres medallas de plata y &hellip;<\/p>\n","protected":false},"author":35,"featured_media":257089,"comment_status":"closed","ping_status":"closed","sticky":false,"template":"","format":"standard","meta":{"footnotes":""},"categories":[597,494,457,467,583],"tags":[],"class_list":["post-257088","post","type-post","status-publish","format-standard","has-post-thumbnail","","category-cinta-de-noticias","category-deportes","category-noticias-arabe-internacional-politica","category-siria-y-el-mundo","category-slide"],"_links":{"self":[{"href":"https:\/\/archive.sana.sy\/es\/index.php?rest_route=\/wp\/v2\/posts\/257088"}],"collection":[{"href":"https:\/\/archive.sana.sy\/es\/index.php?rest_route=\/wp\/v2\/posts"}],"about":[{"href":"https:\/\/archive.sana.sy\/es\/index.php?rest_route=\/wp\/v2\/types\/post"}],"author":[{"embeddable":true,"href":"https:\/\/archive.sana.sy\/es\/index.php?rest_route=\/wp\/v2\/users\/35"}],"replies":[{"embeddable":true,"href":"https:\/\/archive.sana.sy\/es\/index.php?rest_route=%2Fwp%2Fv2%2Fcomments&post=257088"}],"version-history":[{"count":0,"href":"https:\/\/archive.sana.sy\/es\/index.php?rest_route=\/wp\/v2\/posts\/257088\/revisions"}],"wp:featuredmedia":[{"embeddable":true,"href":"https:\/\/archive.sana.sy\/es\/index.php?rest_route=\/wp\/v2\/media\/257089"}],"wp:attachment":[{"href":"https:\/\/archive.sana.sy\/es\/index.php?rest_route=%2Fwp%2Fv2%2Fmedia&parent=257088"}],"wp:term":[{"taxonomy":"category","embeddable":true,"href":"https:\/\/archive.sana.sy\/es\/index.php?rest_route=%2Fwp%2Fv2%2Fcategories&post=257088"},{"taxonomy":"post_tag","embeddable":true,"href":"https:\/\/archive.sana.sy\/es\/index.php?rest_route=%2Fwp%2Fv2%2Ftags&post=257088"}],"curies":[{"name":"wp","href":"https:\/\/api.w.org\/{rel}","templated":true}]}}