{"id":257098,"date":"2022-10-13T14:29:52","date_gmt":"2022-10-13T11:29:52","guid":{"rendered":"http:\/\/107.6.182.27\/es\/?p=257098"},"modified":"2023-01-10T15:51:47","modified_gmt":"2023-01-10T13:51:47","slug":"el-minuto-a-minuto-de-la-operacion-militar-especial-rusa-en-ucrania-15","status":"publish","type":"post","link":"https:\/\/archive.sana.sy\/es\/?p=257098","title":{"rendered":"El minuto a minuto de la operaci\u00f3n militar especial rusa en Ucrania"},"content":{"rendered":"<p style=\"text-align: justify;\"><span style=\"color: #800000;\"><strong>Mosc\u00fa, 13 oct (SANA)<br \/>\n<\/strong><\/span><br \/>\n????????Mishkov: Los europeos no se atreven a reconocer el refer\u00e9ndum de Donb\u00e1s sin el permiso de Washington.<\/p>\n<p style=\"text-align: justify;\">????????Venediktov: Rusia quiere una coexistencia pac\u00edfica con Europa, pero no a expensas de su seguridad.<\/p>\n<p style=\"text-align: justify;\">????????Volodin advierte que la respuesta de Rusia a los continuos ataques terroristas de Kiev ser\u00e1 m\u00e1s dura.<\/p>\n<p style=\"text-align: justify;\">????????Reportan ataques misil\u00edsticos rusos contra instalaciones de infraestructura cr\u00edtica ubicadas en la regi\u00f3n de Kiev, donde se activaron las alertas a\u00e9reas.<\/p>\n<p style=\"text-align: justify;\">????????Putin: &#8220;Existe una amenaza real y la agitaci\u00f3n social es a gran escala, especialmente en los pa\u00edses m\u00e1s pobres.<\/p>\n<p style=\"text-align: justify;\">????????Putin: Mosc\u00fa se esfuerza al m\u00e1ximo para proporcionar los productos cr\u00edticos a las naciones que los necesitan.<\/p>\n<p style=\"text-align: justify;\">????????Biden a Zelenski: Mostrarse malagradecido con el apoyo de EEUU dificultar\u00eda mantenerlo.<\/p>\n<p style=\"text-align: justify;\">ed\/fm<\/p>\n","protected":false},"excerpt":{"rendered":"<p>Mosc\u00fa, 13 oct (SANA) ????????Mishkov: Los europeos no se atreven a reconocer el refer\u00e9ndum de Donb\u00e1s sin el permiso de Washington. ????????Venediktov: Rusia quiere una coexistencia pac\u00edfica con Europa, pero no a expensas de su seguridad. ????????Volodin advierte que la respuesta de Rusia a los continuos ataques terroristas de Kiev ser\u00e1 m\u00e1s dura. ????????Reportan ataques &hellip;<\/p>\n","protected":false},"author":32,"featured_media":257099,"comment_status":"closed","ping_status":"closed","sticky":false,"template":"","format":"standard","meta":{"footnotes":""},"categories":[597,456,20724,7541],"tags":[],"class_list":["post-257098","post","type-post","status-publish","format-standard","has-post-thumbnail","","category-cinta-de-noticias","category-arabe-internacional-politica","category-minuto-a-minuto","category-ultimas-noticias"],"_links":{"self":[{"href":"https:\/\/archive.sana.sy\/es\/index.php?rest_route=\/wp\/v2\/posts\/257098"}],"collection":[{"href":"https:\/\/archive.sana.sy\/es\/index.php?rest_route=\/wp\/v2\/posts"}],"about":[{"href":"https:\/\/archive.sana.sy\/es\/index.php?rest_route=\/wp\/v2\/types\/post"}],"author":[{"embeddable":true,"href":"https:\/\/archive.sana.sy\/es\/index.php?rest_route=\/wp\/v2\/users\/32"}],"replies":[{"embeddable":true,"href":"https:\/\/archive.sana.sy\/es\/index.php?rest_route=%2Fwp%2Fv2%2Fcomments&post=257098"}],"version-history":[{"count":0,"href":"https:\/\/archive.sana.sy\/es\/index.php?rest_route=\/wp\/v2\/posts\/257098\/revisions"}],"wp:featuredmedia":[{"embeddable":true,"href":"https:\/\/archive.sana.sy\/es\/index.php?rest_route=\/wp\/v2\/media\/257099"}],"wp:attachment":[{"href":"https:\/\/archive.sana.sy\/es\/index.php?rest_route=%2Fwp%2Fv2%2Fmedia&parent=257098"}],"wp:term":[{"taxonomy":"category","embeddable":true,"href":"https:\/\/archive.sana.sy\/es\/index.php?rest_route=%2Fwp%2Fv2%2Fcategories&post=257098"},{"taxonomy":"post_tag","embeddable":true,"href":"https:\/\/archive.sana.sy\/es\/index.php?rest_route=%2Fwp%2Fv2%2Ftags&post=257098"}],"curies":[{"name":"wp","href":"https:\/\/api.w.org\/{rel}","templated":true}]}}