{"id":257158,"date":"2022-10-13T21:13:11","date_gmt":"2022-10-13T18:13:11","guid":{"rendered":"http:\/\/107.6.182.27\/es\/?p=257158"},"modified":"2023-01-10T15:51:45","modified_gmt":"2023-01-10T13:51:45","slug":"agresion-israeli-deja-heridos-a-decenas-alumnos-en-cisjordania","status":"publish","type":"post","link":"https:\/\/archive.sana.sy\/es\/?p=257158","title":{"rendered":"Agresi\u00f3n israel\u00ed deja heridos a decenas alumnos en Cisjordania"},"content":{"rendered":"<p style=\"text-align: justify;\"><strong><span style=\"color: #800000;\">Jerusal\u00e9n ocupada, 13 oct (SANA)<\/span> <\/strong>Decenas de estudiantes y profesores resultaron heridos este jueves tras una agresi\u00f3n de las fuerzas de ocupaci\u00f3n israel\u00edes a una escuela en la zona sur de la ciudad de Hebr\u00f3n, en Cisjordania.<\/p>\n<p style=\"text-align: justify;\">El director del colegio atacado, Rawhi Taher Al-Zarro, declar\u00f3 a la agencia palestina de noticias WAFA que las fuerzas de ocupaci\u00f3n irrumpieron en la escuela y dispararon botes de gas venenoso, lo que dej\u00f3 a decenas de estudiantes y maestros asfixiados.<\/p>\n<p style=\"text-align: justify;\">Anteriormente, docenas de estudiantes palestinos resultaron heridos cuando las fuerzas de ocupaci\u00f3n atacaron una escuela al este del campo de refugiados de Al-Bureij en la Franja de Gaza sitiada.<\/p>\n<p>mm<\/p>\n","protected":false},"excerpt":{"rendered":"<p>Jerusal\u00e9n ocupada, 13 oct (SANA) Decenas de estudiantes y profesores resultaron heridos este jueves tras una agresi\u00f3n de las fuerzas de ocupaci\u00f3n israel\u00edes a una escuela en la zona sur de la ciudad de Hebr\u00f3n, en Cisjordania. El director del colegio atacado, Rawhi Taher Al-Zarro, declar\u00f3 a la agencia palestina de noticias WAFA que las &hellip;<\/p>\n","protected":false},"author":36,"featured_media":257159,"comment_status":"closed","ping_status":"closed","sticky":false,"template":"","format":"standard","meta":{"footnotes":""},"categories":[597,456,20724,457],"tags":[],"class_list":["post-257158","post","type-post","status-publish","format-standard","has-post-thumbnail","","category-cinta-de-noticias","category-arabe-internacional-politica","category-minuto-a-minuto","category-noticias-arabe-internacional-politica"],"_links":{"self":[{"href":"https:\/\/archive.sana.sy\/es\/index.php?rest_route=\/wp\/v2\/posts\/257158"}],"collection":[{"href":"https:\/\/archive.sana.sy\/es\/index.php?rest_route=\/wp\/v2\/posts"}],"about":[{"href":"https:\/\/archive.sana.sy\/es\/index.php?rest_route=\/wp\/v2\/types\/post"}],"author":[{"embeddable":true,"href":"https:\/\/archive.sana.sy\/es\/index.php?rest_route=\/wp\/v2\/users\/36"}],"replies":[{"embeddable":true,"href":"https:\/\/archive.sana.sy\/es\/index.php?rest_route=%2Fwp%2Fv2%2Fcomments&post=257158"}],"version-history":[{"count":0,"href":"https:\/\/archive.sana.sy\/es\/index.php?rest_route=\/wp\/v2\/posts\/257158\/revisions"}],"wp:featuredmedia":[{"embeddable":true,"href":"https:\/\/archive.sana.sy\/es\/index.php?rest_route=\/wp\/v2\/media\/257159"}],"wp:attachment":[{"href":"https:\/\/archive.sana.sy\/es\/index.php?rest_route=%2Fwp%2Fv2%2Fmedia&parent=257158"}],"wp:term":[{"taxonomy":"category","embeddable":true,"href":"https:\/\/archive.sana.sy\/es\/index.php?rest_route=%2Fwp%2Fv2%2Fcategories&post=257158"},{"taxonomy":"post_tag","embeddable":true,"href":"https:\/\/archive.sana.sy\/es\/index.php?rest_route=%2Fwp%2Fv2%2Ftags&post=257158"}],"curies":[{"name":"wp","href":"https:\/\/api.w.org\/{rel}","templated":true}]}}