{"id":257177,"date":"2022-10-14T08:49:28","date_gmt":"2022-10-14T05:49:28","guid":{"rendered":"http:\/\/107.6.182.27\/es\/?p=257177"},"modified":"2023-01-10T15:51:45","modified_gmt":"2023-01-10T13:51:45","slug":"bielorrusia-activa-el-regimen-de-operacion-antiterrorista","status":"publish","type":"post","link":"https:\/\/archive.sana.sy\/es\/?p=257177","title":{"rendered":"Bielorrusia activa el r\u00e9gimen de operaci\u00f3n antiterrorista"},"content":{"rendered":"<blockquote><p><span style=\"color: #ff0000;\"><strong><em>El gobierno bielorruso recibi\u00f3 informaciones de que algunos Estados vecinos est\u00e1n planeando provocaciones, incluida la posible captura de territorios bielorrusos.<\/em><\/strong><\/span><\/p><\/blockquote>\n<p style=\"text-align: justify;\">\n<span style=\"color: #800000;\"><strong>Mosc\u00fa, 14 oct (SANA)<\/strong><\/span> El Gobierno de Bielorrusia decidi\u00f3 imponer el r\u00e9gimen de operaci\u00f3n antiterrorista, seg\u00fan declar\u00f3 el ministro de Exteriores de esta naci\u00f3n, Vlad\u00edmir Mak\u00e9i, citado por Sputnik.<\/p>\n<p style=\"text-align: justify;\">\u201cEl jefe de nuestro pa\u00eds mantuvo una serie de reuniones con los organismos de seguridad, se impuso el r\u00e9gimen de operaci\u00f3n antiterrorista\u201d, dijo Mak\u00e9i en una entrevista concedida al diario Izvestia.<\/p>\n<p style=\"text-align: justify;\">El Canciller explic\u00f3 que el gobierno bielorruso recibi\u00f3 informaciones de que algunos Estados vecinos est\u00e1n planeando provocaciones, incluida la posible captura de territorios bielorrusos.<\/p>\n<p style=\"text-align: justify;\">\u201cTal situaci\u00f3n requiere respuesta adecuada, por lo tanto, las Fuerzas Armadas Bielorrusas, los organismos encargados de hacer cumplir la ley y los servicios especiales est\u00e1n alertas para repeler cualquier provocaci\u00f3n que puedan llevar a cabo los Estados vecinos\u201d, enfatiz\u00f3 Mak\u00e9i.<\/p>\n<p style=\"text-align: justify;\">El pasado 10 de octubre, el l\u00edder bielorruso, Alexandr Lukashenko, dijo que Minsk recibi\u00f3 por canales extraoficiales el aviso de un posible ataque desde Ucrania.<\/p>\n<p style=\"text-align: justify;\"><em><strong>ah\/fm<\/strong><\/em><\/p>\n","protected":false},"excerpt":{"rendered":"<p>El gobierno bielorruso recibi\u00f3 informaciones de que algunos Estados vecinos est\u00e1n planeando provocaciones, incluida la posible captura de territorios bielorrusos. Mosc\u00fa, 14 oct (SANA) El Gobierno de Bielorrusia decidi\u00f3 imponer el r\u00e9gimen de operaci\u00f3n antiterrorista, seg\u00fan declar\u00f3 el ministro de Exteriores de esta naci\u00f3n, Vlad\u00edmir Mak\u00e9i, citado por Sputnik. \u201cEl jefe de nuestro pa\u00eds mantuvo &hellip;<\/p>\n","protected":false},"author":30,"featured_media":257178,"comment_status":"closed","ping_status":"closed","sticky":false,"template":"","format":"standard","meta":{"footnotes":""},"categories":[456,20724],"tags":[],"class_list":["post-257177","post","type-post","status-publish","format-standard","has-post-thumbnail","","category-arabe-internacional-politica","category-minuto-a-minuto"],"_links":{"self":[{"href":"https:\/\/archive.sana.sy\/es\/index.php?rest_route=\/wp\/v2\/posts\/257177"}],"collection":[{"href":"https:\/\/archive.sana.sy\/es\/index.php?rest_route=\/wp\/v2\/posts"}],"about":[{"href":"https:\/\/archive.sana.sy\/es\/index.php?rest_route=\/wp\/v2\/types\/post"}],"author":[{"embeddable":true,"href":"https:\/\/archive.sana.sy\/es\/index.php?rest_route=\/wp\/v2\/users\/30"}],"replies":[{"embeddable":true,"href":"https:\/\/archive.sana.sy\/es\/index.php?rest_route=%2Fwp%2Fv2%2Fcomments&post=257177"}],"version-history":[{"count":0,"href":"https:\/\/archive.sana.sy\/es\/index.php?rest_route=\/wp\/v2\/posts\/257177\/revisions"}],"wp:featuredmedia":[{"embeddable":true,"href":"https:\/\/archive.sana.sy\/es\/index.php?rest_route=\/wp\/v2\/media\/257178"}],"wp:attachment":[{"href":"https:\/\/archive.sana.sy\/es\/index.php?rest_route=%2Fwp%2Fv2%2Fmedia&parent=257177"}],"wp:term":[{"taxonomy":"category","embeddable":true,"href":"https:\/\/archive.sana.sy\/es\/index.php?rest_route=%2Fwp%2Fv2%2Fcategories&post=257177"},{"taxonomy":"post_tag","embeddable":true,"href":"https:\/\/archive.sana.sy\/es\/index.php?rest_route=%2Fwp%2Fv2%2Ftags&post=257177"}],"curies":[{"name":"wp","href":"https:\/\/api.w.org\/{rel}","templated":true}]}}