{"id":257216,"date":"2022-10-14T10:09:18","date_gmt":"2022-10-14T07:09:18","guid":{"rendered":"http:\/\/107.6.182.27\/es\/?p=257216"},"modified":"2023-01-10T15:51:45","modified_gmt":"2023-01-10T13:51:45","slug":"rusia-critica-la-osce-por-no-responder-a-los-crimenes-del-regimen-de-kiev","status":"publish","type":"post","link":"https:\/\/archive.sana.sy\/es\/?p=257216","title":{"rendered":"Rusia critica la OSCE por no responder a los cr\u00edmenes del r\u00e9gimen de Kiev"},"content":{"rendered":"<p style=\"text-align: justify;\"><span style=\"color: #800000;\"><strong>Viena, 14 oct (SANA) <\/strong><\/span>El representante adjunto de Rusia ante la Organizaci\u00f3n para la Seguridad y la Cooperaci\u00f3n en Europa (OSCE), Maxim Boyakevich, critic\u00f3 esta organizaci\u00f3n por no responder a los actos terroristas y masacres cometidas por el r\u00e9gimen de Kiev.<\/p>\n<p style=\"text-align: justify;\">\u201cLos actos terroristas y las masacres contra civiles no han recibido ninguna condena por parte del liderazgo de la OSCE, por el contrario, de hecho expres\u00f3 apoyo a los actos criminales del r\u00e9gimen de Kiev\u201d, cit\u00f3 TASS a Boyakiewicz en una declaraci\u00f3n durante una reuni\u00f3n especial del Consejo Permanente de la OSCE.<\/p>\n<p style=\"text-align: justify;\">El funcionario ruso se\u00f1al\u00f3 que el env\u00edo de mercenarios y especialistas militares extranjeros a Ucrania no afectar\u00e1 la implementaci\u00f3n de la operaci\u00f3n militar especial rusa en el futuro.<\/p>\n<p style=\"text-align: justify;\"><em><strong>ah\/fm<\/strong><\/em><\/p>\n","protected":false},"excerpt":{"rendered":"<p>Viena, 14 oct (SANA) El representante adjunto de Rusia ante la Organizaci\u00f3n para la Seguridad y la Cooperaci\u00f3n en Europa (OSCE), Maxim Boyakevich, critic\u00f3 esta organizaci\u00f3n por no responder a los actos terroristas y masacres cometidas por el r\u00e9gimen de Kiev. \u201cLos actos terroristas y las masacres contra civiles no han recibido ninguna condena por &hellip;<\/p>\n","protected":false},"author":30,"featured_media":257217,"comment_status":"closed","ping_status":"closed","sticky":false,"template":"","format":"standard","meta":{"footnotes":""},"categories":[456,20724],"tags":[],"class_list":["post-257216","post","type-post","status-publish","format-standard","has-post-thumbnail","","category-arabe-internacional-politica","category-minuto-a-minuto"],"_links":{"self":[{"href":"https:\/\/archive.sana.sy\/es\/index.php?rest_route=\/wp\/v2\/posts\/257216"}],"collection":[{"href":"https:\/\/archive.sana.sy\/es\/index.php?rest_route=\/wp\/v2\/posts"}],"about":[{"href":"https:\/\/archive.sana.sy\/es\/index.php?rest_route=\/wp\/v2\/types\/post"}],"author":[{"embeddable":true,"href":"https:\/\/archive.sana.sy\/es\/index.php?rest_route=\/wp\/v2\/users\/30"}],"replies":[{"embeddable":true,"href":"https:\/\/archive.sana.sy\/es\/index.php?rest_route=%2Fwp%2Fv2%2Fcomments&post=257216"}],"version-history":[{"count":0,"href":"https:\/\/archive.sana.sy\/es\/index.php?rest_route=\/wp\/v2\/posts\/257216\/revisions"}],"wp:featuredmedia":[{"embeddable":true,"href":"https:\/\/archive.sana.sy\/es\/index.php?rest_route=\/wp\/v2\/media\/257217"}],"wp:attachment":[{"href":"https:\/\/archive.sana.sy\/es\/index.php?rest_route=%2Fwp%2Fv2%2Fmedia&parent=257216"}],"wp:term":[{"taxonomy":"category","embeddable":true,"href":"https:\/\/archive.sana.sy\/es\/index.php?rest_route=%2Fwp%2Fv2%2Fcategories&post=257216"},{"taxonomy":"post_tag","embeddable":true,"href":"https:\/\/archive.sana.sy\/es\/index.php?rest_route=%2Fwp%2Fv2%2Ftags&post=257216"}],"curies":[{"name":"wp","href":"https:\/\/api.w.org\/{rel}","templated":true}]}}