{"id":257219,"date":"2022-10-14T10:45:48","date_gmt":"2022-10-14T07:45:48","guid":{"rendered":"http:\/\/107.6.182.27\/es\/?p=257219"},"modified":"2023-01-10T15:51:45","modified_gmt":"2023-01-10T13:51:45","slug":"riabkov-estados-unidos-es-responsable-de-desestabilizar-la-seguridad-internacional","status":"publish","type":"post","link":"https:\/\/archive.sana.sy\/es\/?p=257219","title":{"rendered":"Ri\u00e1bkov: Estados Unidos es responsable de desestabilizar la seguridad internacional"},"content":{"rendered":"<p style=\"text-align: justify;\"><span style=\"color: #800000;\"><strong>Mosc\u00fa, 14 oct (SANA) <\/strong><\/span>El viceministro de Exteriores de Rusia, Sergei Ri\u00e1bkov, responsabiliz\u00f3 a Estados Unidos de la desestabilizaci\u00f3n de la seguridad internacional, y enfatiz\u00f3 que este pa\u00eds busca dominar el mundo por cualquier medio.<\/p>\n<p style=\"text-align: justify;\">Se\u00f1al\u00f3 en una declaraci\u00f3n a Ria Novosti que Washington hoy, como en tiempos de crisis de misiles, no quiere tener en cuenta las preocupaciones de Rusia, busca la superioridad militar estrat\u00e9gica, as\u00ed como se niega a reconocer el derecho de otros pa\u00edses a proteger sus intereses vitales, lo que resulta destructivo para la seguridad internacional.<\/p>\n<p style=\"text-align: justify;\">Asimismo, Ri\u00e1bkov consider\u00f3 que hace seis d\u00e9cadas, Rusia y Estados Unidos se retiraron suficientemente del borde del abismo al alcanzar un acuerdo geopol\u00edtico en ese momento, gracias al cual ambos pa\u00edses evitaron una cat\u00e1strofe nuclear, y ahora se debe prestar atenci\u00f3n a esto.<\/p>\n<p style=\"text-align: justify;\"><em><strong>ah\/fm<\/strong><\/em><\/p>\n","protected":false},"excerpt":{"rendered":"<p>Mosc\u00fa, 14 oct (SANA) El viceministro de Exteriores de Rusia, Sergei Ri\u00e1bkov, responsabiliz\u00f3 a Estados Unidos de la desestabilizaci\u00f3n de la seguridad internacional, y enfatiz\u00f3 que este pa\u00eds busca dominar el mundo por cualquier medio. Se\u00f1al\u00f3 en una declaraci\u00f3n a Ria Novosti que Washington hoy, como en tiempos de crisis de misiles, no quiere tener &hellip;<\/p>\n","protected":false},"author":30,"featured_media":257220,"comment_status":"closed","ping_status":"closed","sticky":false,"template":"","format":"standard","meta":{"footnotes":""},"categories":[456,20724],"tags":[],"class_list":["post-257219","post","type-post","status-publish","format-standard","has-post-thumbnail","","category-arabe-internacional-politica","category-minuto-a-minuto"],"_links":{"self":[{"href":"https:\/\/archive.sana.sy\/es\/index.php?rest_route=\/wp\/v2\/posts\/257219"}],"collection":[{"href":"https:\/\/archive.sana.sy\/es\/index.php?rest_route=\/wp\/v2\/posts"}],"about":[{"href":"https:\/\/archive.sana.sy\/es\/index.php?rest_route=\/wp\/v2\/types\/post"}],"author":[{"embeddable":true,"href":"https:\/\/archive.sana.sy\/es\/index.php?rest_route=\/wp\/v2\/users\/30"}],"replies":[{"embeddable":true,"href":"https:\/\/archive.sana.sy\/es\/index.php?rest_route=%2Fwp%2Fv2%2Fcomments&post=257219"}],"version-history":[{"count":0,"href":"https:\/\/archive.sana.sy\/es\/index.php?rest_route=\/wp\/v2\/posts\/257219\/revisions"}],"wp:featuredmedia":[{"embeddable":true,"href":"https:\/\/archive.sana.sy\/es\/index.php?rest_route=\/wp\/v2\/media\/257220"}],"wp:attachment":[{"href":"https:\/\/archive.sana.sy\/es\/index.php?rest_route=%2Fwp%2Fv2%2Fmedia&parent=257219"}],"wp:term":[{"taxonomy":"category","embeddable":true,"href":"https:\/\/archive.sana.sy\/es\/index.php?rest_route=%2Fwp%2Fv2%2Fcategories&post=257219"},{"taxonomy":"post_tag","embeddable":true,"href":"https:\/\/archive.sana.sy\/es\/index.php?rest_route=%2Fwp%2Fv2%2Ftags&post=257219"}],"curies":[{"name":"wp","href":"https:\/\/api.w.org\/{rel}","templated":true}]}}