{"id":257225,"date":"2022-10-14T11:21:34","date_gmt":"2022-10-14T08:21:34","guid":{"rendered":"http:\/\/107.6.182.27\/es\/?p=257225"},"modified":"2023-01-10T15:51:45","modified_gmt":"2023-01-10T13:51:45","slug":"arranca-cumbre-de-la-comunidad-de-estados-independientes-en-astana","status":"publish","type":"post","link":"https:\/\/archive.sana.sy\/es\/?p=257225","title":{"rendered":"Arranca cumbre de la Comunidad de Estados Independientes en Astan\u00e1"},"content":{"rendered":"<p style=\"text-align: justify;\"><span style=\"color: #800000;\"><strong>Astan\u00e1, 14 oct (SANA)<\/strong><\/span> La cumbre de jefes de Estado de la Comunidad de Estados Independientes (CEI) comenz\u00f3 hoy en la capital kazaja Astan\u00e1 con participaci\u00f3n del presidente ruso, Vladimir Putin.<\/p>\n<p style=\"text-align: justify;\">Seg\u00fan difundi\u00f3 RT, el presidente de Turkmenist\u00e1n, Serdar Berdimuhamedov, el presidente de Azerbaiy\u00e1n, Ilham Aliyev, el primer ministro armenio, Nikol Pashini\u00e1n, el presidente de Uzbekist\u00e1n, Shavkat Mirziyoyev, el presidente de Kirguist\u00e1n, Sadyr Jabarov, el presidente bielorruso, Alexander Lukashenko, y el presidente de Tayikist\u00e1n, Emomali Rahman, participan en la cumbre.<\/p>\n<p style=\"text-align: justify;\">En su discurso de apertura, el presidente de Kazajst\u00e1n, Kassym-Jomart Tokayev, se\u00f1al\u00f3 que esta cumbre, que se celebra en su per\u00edodo ordinario de sesiones, tendr\u00e1 en su programa una serie de cuestiones importantes, en particular las cuestiones humanitarias, as\u00ed como las cuestiones de seguridad, y el fortalecimiento de la cooperaci\u00f3n entre los Estados miembros de la organizaci\u00f3n.<\/p>\n<p style=\"text-align: justify;\"><em><strong>ah\/fm<\/strong><\/em><\/p>\n","protected":false},"excerpt":{"rendered":"<p>Astan\u00e1, 14 oct (SANA) La cumbre de jefes de Estado de la Comunidad de Estados Independientes (CEI) comenz\u00f3 hoy en la capital kazaja Astan\u00e1 con participaci\u00f3n del presidente ruso, Vladimir Putin. Seg\u00fan difundi\u00f3 RT, el presidente de Turkmenist\u00e1n, Serdar Berdimuhamedov, el presidente de Azerbaiy\u00e1n, Ilham Aliyev, el primer ministro armenio, Nikol Pashini\u00e1n, el presidente de &hellip;<\/p>\n","protected":false},"author":30,"featured_media":257227,"comment_status":"closed","ping_status":"closed","sticky":false,"template":"","format":"standard","meta":{"footnotes":""},"categories":[456,20724],"tags":[],"class_list":["post-257225","post","type-post","status-publish","format-standard","has-post-thumbnail","","category-arabe-internacional-politica","category-minuto-a-minuto"],"_links":{"self":[{"href":"https:\/\/archive.sana.sy\/es\/index.php?rest_route=\/wp\/v2\/posts\/257225"}],"collection":[{"href":"https:\/\/archive.sana.sy\/es\/index.php?rest_route=\/wp\/v2\/posts"}],"about":[{"href":"https:\/\/archive.sana.sy\/es\/index.php?rest_route=\/wp\/v2\/types\/post"}],"author":[{"embeddable":true,"href":"https:\/\/archive.sana.sy\/es\/index.php?rest_route=\/wp\/v2\/users\/30"}],"replies":[{"embeddable":true,"href":"https:\/\/archive.sana.sy\/es\/index.php?rest_route=%2Fwp%2Fv2%2Fcomments&post=257225"}],"version-history":[{"count":0,"href":"https:\/\/archive.sana.sy\/es\/index.php?rest_route=\/wp\/v2\/posts\/257225\/revisions"}],"wp:featuredmedia":[{"embeddable":true,"href":"https:\/\/archive.sana.sy\/es\/index.php?rest_route=\/wp\/v2\/media\/257227"}],"wp:attachment":[{"href":"https:\/\/archive.sana.sy\/es\/index.php?rest_route=%2Fwp%2Fv2%2Fmedia&parent=257225"}],"wp:term":[{"taxonomy":"category","embeddable":true,"href":"https:\/\/archive.sana.sy\/es\/index.php?rest_route=%2Fwp%2Fv2%2Fcategories&post=257225"},{"taxonomy":"post_tag","embeddable":true,"href":"https:\/\/archive.sana.sy\/es\/index.php?rest_route=%2Fwp%2Fv2%2Ftags&post=257225"}],"curies":[{"name":"wp","href":"https:\/\/api.w.org\/{rel}","templated":true}]}}