{"id":257244,"date":"2022-10-14T18:30:40","date_gmt":"2022-10-14T15:30:40","guid":{"rendered":"http:\/\/107.6.182.27\/es\/?p=257244"},"modified":"2022-10-14T19:30:00","modified_gmt":"2022-10-14T16:30:00","slug":"himno-nacional-de-la-republica-arabe-siria","status":"publish","type":"post","link":"https:\/\/archive.sana.sy\/es\/?p=257244","title":{"rendered":"Himno Nacional de la Rep\u00fablica \u00c1rabe Siria"},"content":{"rendered":"<p style=\"text-align: justify;\"><span style=\"color: #800000;\"><strong>Damasco, 14 oct (SANA)\u00a0 \u00a0 <\/strong><\/span>El Himno Nacional de Siria resume una historia de lucha del pasado y el presente, y destaca los valores de la Independencia y la valent\u00eda de los guardianes para defender la patria de cualquier enemigo como lo hicieron sus ancestros.<\/p>\n<p style=\"text-align: justify;\">El Himno es un poema titulado (Los Guardianes de la Patria) del poeta sirio Khalil Mardam Bey, nacido a finales del siglo XIX, y vivi\u00f3 las \u00e9pocas coloniales turca y francesa de Siria. Escribi\u00f3 muchos poemas patri\u00f3ticos sobre la lucha del pueblo sirio por la independencia.<\/p>\n<p style=\"text-align: justify;\">Fue cantado por primera vez durante un desfile militar del ej\u00e9rcito sirio en el a\u00f1o de la independencia de Siria en 1946.<\/p>\n<p style=\"text-align: justify;\"><strong>Letras del Himno Nacional de Siria<\/strong><\/p>\n<p style=\"text-align: justify;\">Defensores de la patria, con ustedes sea la paz<\/p>\n<p style=\"text-align: justify;\">reh\u00fasan someterse las almas honradas<\/p>\n<p style=\"text-align: justify;\">la gruta del arabismo es hogar sagrada<\/p>\n<p style=\"text-align: justify;\">el trono del sol es inviolable.<\/p>\n<p style=\"text-align: justify;\">Las rincones de Siria, son torres de alteza,<\/p>\n<p style=\"text-align: justify;\">se asemejan al cielo con eminente esplendor<\/p>\n<p style=\"text-align: justify;\">Un tierra florida con soles resplandecientes,<\/p>\n<p style=\"text-align: justify;\">es un cielo para tu vida o casi un para\u00edso.<\/p>\n<p style=\"text-align: justify;\">Brillante de esperanza y flota como el coraz\u00f3n<br \/>\nNuestra bandera nos junta en pa\u00eds unido<\/p>\n<p style=\"text-align: justify;\">\u00bfacaso no lleva el negro de cada ojo,<br \/>\ny la sangre de cada m\u00e1rtir su rojo?<\/p>\n<p style=\"text-align: justify;\">Esp\u00edritus orgullosos de un pasado glorioso<\/p>\n<p style=\"text-align: justify;\">las almas de los m\u00e1rtires son guardianes imparables<\/p>\n<p style=\"text-align: justify;\">Siendo de la estirpe de Al Walid y Al Rashid<\/p>\n<p style=\"text-align: justify;\">\u00bfPor qu\u00e9 no sentirnos vencedores y cantamos la victoria?<\/p>\n<p style=\"text-align: justify;\"><span style=\"color: #0000ff;\"><em><strong>Equipo de redactores de la agencia SANA en espa\u00f1ol<\/strong><\/em><\/span><\/p>\n","protected":false},"excerpt":{"rendered":"<p>Damasco, 14 oct (SANA)\u00a0 \u00a0 El Himno Nacional de Siria resume una historia de lucha del pasado y el presente, y destaca los valores de la Independencia y la valent\u00eda de los guardianes para defender la patria de cualquier enemigo como lo hicieron sus ancestros. El Himno es un poema titulado (Los Guardianes de la &hellip;<\/p>\n","protected":false},"author":39,"featured_media":257247,"comment_status":"closed","ping_status":"closed","sticky":false,"template":"","format":"standard","meta":{"footnotes":""},"categories":[597,20724,476,7541],"tags":[21220],"class_list":["post-257244","post","type-post","status-publish","format-standard","has-post-thumbnail","","category-cinta-de-noticias","category-minuto-a-minuto","category-locales","category-ultimas-noticias","tag-himno-nacional-de-la-republica-arabe-siria"],"_links":{"self":[{"href":"https:\/\/archive.sana.sy\/es\/index.php?rest_route=\/wp\/v2\/posts\/257244"}],"collection":[{"href":"https:\/\/archive.sana.sy\/es\/index.php?rest_route=\/wp\/v2\/posts"}],"about":[{"href":"https:\/\/archive.sana.sy\/es\/index.php?rest_route=\/wp\/v2\/types\/post"}],"author":[{"embeddable":true,"href":"https:\/\/archive.sana.sy\/es\/index.php?rest_route=\/wp\/v2\/users\/39"}],"replies":[{"embeddable":true,"href":"https:\/\/archive.sana.sy\/es\/index.php?rest_route=%2Fwp%2Fv2%2Fcomments&post=257244"}],"version-history":[{"count":0,"href":"https:\/\/archive.sana.sy\/es\/index.php?rest_route=\/wp\/v2\/posts\/257244\/revisions"}],"wp:featuredmedia":[{"embeddable":true,"href":"https:\/\/archive.sana.sy\/es\/index.php?rest_route=\/wp\/v2\/media\/257247"}],"wp:attachment":[{"href":"https:\/\/archive.sana.sy\/es\/index.php?rest_route=%2Fwp%2Fv2%2Fmedia&parent=257244"}],"wp:term":[{"taxonomy":"category","embeddable":true,"href":"https:\/\/archive.sana.sy\/es\/index.php?rest_route=%2Fwp%2Fv2%2Fcategories&post=257244"},{"taxonomy":"post_tag","embeddable":true,"href":"https:\/\/archive.sana.sy\/es\/index.php?rest_route=%2Fwp%2Fv2%2Ftags&post=257244"}],"curies":[{"name":"wp","href":"https:\/\/api.w.org\/{rel}","templated":true}]}}