{"id":257303,"date":"2022-10-15T08:37:25","date_gmt":"2022-10-15T05:37:25","guid":{"rendered":"http:\/\/107.6.182.27\/es\/?p=257303"},"modified":"2023-01-10T15:51:43","modified_gmt":"2023-01-10T13:51:43","slug":"se-multiplican-por-13-los-pedidos-europeos-de-ropas-de-invierno-a-empresas-chinas","status":"publish","type":"post","link":"https:\/\/archive.sana.sy\/es\/?p=257303","title":{"rendered":"Se multiplican por 13 los pedidos europeos de ropas de invierno a empresas chinas"},"content":{"rendered":"<p style=\"text-align: justify;\"><span style=\"color: #800000;\"><strong>Pek\u00edn, 15 oct (SANA)<\/strong><\/span> A medida que se acerca el invierno y se intensifica la crisis energ\u00e9tica, los exportadores chinos de ropa de invierno han tenido que trabajar horas extras para cumplir con los pedidos desde Europa.<\/p>\n<p style=\"text-align: justify;\">Citado por el diario chino The Global Times, Luo Jun, director de Xiamen Premium Import &amp; Export Co., dijo que la demanda de su\u00e9teres de cuello alto, abrigos y ropa de invierno por parte de los europeos empez\u00f3 a llegar desde abril, sin embargo, se ha multiplicado durante el \u00faltimo mes.<\/p>\n<p style=\"text-align: justify;\">Se\u00f1al\u00f3 que &#8220;durante los \u00faltimos 30 d\u00edas, la cantidad de solicitudes de prendas cuellos de tortuga para hombres en la tienda en l\u00ednea de nuestra empresa se multiplic\u00f3 por 13&#8221;.<\/p>\n<p style=\"text-align: justify;\">fm\/sm<\/p>\n","protected":false},"excerpt":{"rendered":"<p>Pek\u00edn, 15 oct (SANA) A medida que se acerca el invierno y se intensifica la crisis energ\u00e9tica, los exportadores chinos de ropa de invierno han tenido que trabajar horas extras para cumplir con los pedidos desde Europa. Citado por el diario chino The Global Times, Luo Jun, director de Xiamen Premium Import &amp; Export Co., &hellip;<\/p>\n","protected":false},"author":39,"featured_media":257304,"comment_status":"closed","ping_status":"closed","sticky":false,"template":"","format":"standard","meta":{"footnotes":""},"categories":[597,16686,485,456,20724,7541],"tags":[21234,21233],"class_list":["post-257303","post","type-post","status-publish","format-standard","has-post-thumbnail","","category-cinta-de-noticias","category-economia","category-informes-negocios-y-finanzas","category-arabe-internacional-politica","category-minuto-a-minuto","category-ultimas-noticias","tag-empresas-chinas","tag-pedidos-europeos"],"_links":{"self":[{"href":"https:\/\/archive.sana.sy\/es\/index.php?rest_route=\/wp\/v2\/posts\/257303"}],"collection":[{"href":"https:\/\/archive.sana.sy\/es\/index.php?rest_route=\/wp\/v2\/posts"}],"about":[{"href":"https:\/\/archive.sana.sy\/es\/index.php?rest_route=\/wp\/v2\/types\/post"}],"author":[{"embeddable":true,"href":"https:\/\/archive.sana.sy\/es\/index.php?rest_route=\/wp\/v2\/users\/39"}],"replies":[{"embeddable":true,"href":"https:\/\/archive.sana.sy\/es\/index.php?rest_route=%2Fwp%2Fv2%2Fcomments&post=257303"}],"version-history":[{"count":0,"href":"https:\/\/archive.sana.sy\/es\/index.php?rest_route=\/wp\/v2\/posts\/257303\/revisions"}],"wp:featuredmedia":[{"embeddable":true,"href":"https:\/\/archive.sana.sy\/es\/index.php?rest_route=\/wp\/v2\/media\/257304"}],"wp:attachment":[{"href":"https:\/\/archive.sana.sy\/es\/index.php?rest_route=%2Fwp%2Fv2%2Fmedia&parent=257303"}],"wp:term":[{"taxonomy":"category","embeddable":true,"href":"https:\/\/archive.sana.sy\/es\/index.php?rest_route=%2Fwp%2Fv2%2Fcategories&post=257303"},{"taxonomy":"post_tag","embeddable":true,"href":"https:\/\/archive.sana.sy\/es\/index.php?rest_route=%2Fwp%2Fv2%2Ftags&post=257303"}],"curies":[{"name":"wp","href":"https:\/\/api.w.org\/{rel}","templated":true}]}}