{"id":257360,"date":"2022-10-15T14:00:05","date_gmt":"2022-10-15T11:00:05","guid":{"rendered":"http:\/\/107.6.182.27\/es\/?p=257360"},"modified":"2022-10-15T14:28:03","modified_gmt":"2022-10-15T11:28:03","slug":"continuan-operaciones-de-seguridad-contra-continuan-operaciones-de-seguridad-contra-daesh-en-el-sur-de-siriaen-el-sur-de-siria","status":"publish","type":"post","link":"https:\/\/archive.sana.sy\/es\/?p=257360","title":{"rendered":"Siria confirma eliminaci\u00f3n de varios cabecillas de Daesh, incluido un iraqu\u00ed"},"content":{"rendered":"<p style=\"text-align: justify;\"><span style=\"color: #800000;\"><strong>Deraa, 15 oct (SANA)\u00a0 \u00a0<\/strong><\/span>Por segundo d\u00eda consecutivo, las fuerzas de seguridad , en cooperaci\u00f3n con grupos locales y civiles, y con el apoyo del Ej\u00e9rcito \u00c1rabe Sirio, contin\u00faan sus operaciones contra la organizaci\u00f3n terrorista del Estados Isl\u00e1mico (Daesh en \u00e1rabe), en la ciudad de Jassem, en el norte de Deraa, en el sur del pa\u00eds.<\/p>\n<p style=\"text-align: justify;\">Una fuente inform\u00f3 a SANA que tras recibir informaciones sobre la presencia de unos cabecillas de la referida organizaci\u00f3n terrorista en uno de los barrios de la mencionada ciudad, las fuerzas de seguridad lanzaron una operaci\u00f3n contra su sede all\u00ed.<\/p>\n<p style=\"text-align: justify;\">En la operaci\u00f3n, fueron eliminados varios l\u00edderes de Daesh, entre ellos un iraqu\u00ed.<\/p>\n<p style=\"text-align: justify;\">La fuente detall\u00f3 que los lugare\u00f1os de Deraa participan en estas operaciones, y tres voluntarios civiles cayeron m\u00e1rtires durante los enfrentamientos con los terroristas, mientras siete radicales fueron liquidados desde el comienzo de las operaciones.<\/p>\n<p style=\"text-align: justify;\">El pasado d\u00eda 23 de septiembre, una unidad de las fuerzas de seguridad abati\u00f3 a siete terroristas del grupo terrorista Daesh, al asaltar uno de sus escondites en las cercan\u00edas de la ciudad de la misma ciudad de Jassem.<\/p>\n<p style=\"text-align: justify;\">Mientras el d\u00eda 5 de este mes, una operaci\u00f3n rel\u00e1mpago llev\u00f3 a eliminaci\u00f3n del terrorista Muhammad Iyad Abdul Razzaq, apodado (Abu Qassem Al-Aqrabawi), uno de los l\u00edderes de Daesh.<\/p>\n<p style=\"text-align: justify;\">sm\/fm<\/p>\n<p style=\"text-align: justify;\">\n","protected":false},"excerpt":{"rendered":"<p>Deraa, 15 oct (SANA)\u00a0 \u00a0Por segundo d\u00eda consecutivo, las fuerzas de seguridad , en cooperaci\u00f3n con grupos locales y civiles, y con el apoyo del Ej\u00e9rcito \u00c1rabe Sirio, contin\u00faan sus operaciones contra la organizaci\u00f3n terrorista del Estados Isl\u00e1mico (Daesh en \u00e1rabe), en la ciudad de Jassem, en el norte de Deraa, en el sur del &hellip;<\/p>\n","protected":false},"author":39,"featured_media":257361,"comment_status":"closed","ping_status":"closed","sticky":false,"template":"","format":"standard","meta":{"footnotes":""},"categories":[447,477,597,573,476,583],"tags":[17398,8616,21240,6553],"class_list":["post-257360","post","type-post","status-publish","format-standard","has-post-thumbnail","","category-local-politica","category-noticias-edulcorantes","category-cinta-de-noticias","category-la-realidad-de-los-acontecimientos-en-siria","category-locales","category-slide","tag-deraa","tag-daesh","tag-operaciones-de-seguridad","tag-siria"],"_links":{"self":[{"href":"https:\/\/archive.sana.sy\/es\/index.php?rest_route=\/wp\/v2\/posts\/257360"}],"collection":[{"href":"https:\/\/archive.sana.sy\/es\/index.php?rest_route=\/wp\/v2\/posts"}],"about":[{"href":"https:\/\/archive.sana.sy\/es\/index.php?rest_route=\/wp\/v2\/types\/post"}],"author":[{"embeddable":true,"href":"https:\/\/archive.sana.sy\/es\/index.php?rest_route=\/wp\/v2\/users\/39"}],"replies":[{"embeddable":true,"href":"https:\/\/archive.sana.sy\/es\/index.php?rest_route=%2Fwp%2Fv2%2Fcomments&post=257360"}],"version-history":[{"count":0,"href":"https:\/\/archive.sana.sy\/es\/index.php?rest_route=\/wp\/v2\/posts\/257360\/revisions"}],"wp:featuredmedia":[{"embeddable":true,"href":"https:\/\/archive.sana.sy\/es\/index.php?rest_route=\/wp\/v2\/media\/257361"}],"wp:attachment":[{"href":"https:\/\/archive.sana.sy\/es\/index.php?rest_route=%2Fwp%2Fv2%2Fmedia&parent=257360"}],"wp:term":[{"taxonomy":"category","embeddable":true,"href":"https:\/\/archive.sana.sy\/es\/index.php?rest_route=%2Fwp%2Fv2%2Fcategories&post=257360"},{"taxonomy":"post_tag","embeddable":true,"href":"https:\/\/archive.sana.sy\/es\/index.php?rest_route=%2Fwp%2Fv2%2Ftags&post=257360"}],"curies":[{"name":"wp","href":"https:\/\/api.w.org\/{rel}","templated":true}]}}