{"id":257387,"date":"2022-10-15T16:05:27","date_gmt":"2022-10-15T13:05:27","guid":{"rendered":"http:\/\/107.6.182.27\/es\/?p=257387"},"modified":"2022-10-15T16:11:05","modified_gmt":"2022-10-15T13:11:05","slug":"mas-de-800-familias-desplazadas-vuelven-a-sus-hogares-en-maaret-al-nouman-idlib-fotos","status":"publish","type":"post","link":"https:\/\/archive.sana.sy\/es\/?p=257387","title":{"rendered":"M\u00e1s de 800 familias desplazadas vuelven a sus hogares en Maaret al-Nouman, Idlib (+ fotos)"},"content":{"rendered":"<blockquote>\n<p style=\"text-align: justify;\"><span style=\"color: #800000;\"><strong>\u201cEstaba desplazado en la provincia de Hama con mi familia, hemos estado ausentes de esta ciudad durante m\u00e1s de 8 a\u00f1os por culpa de las organizaciones terroristas, y hoy me siento muy feliz de ver mi hogar\u201d, dijo Muhammad Al-Hussein Al-Badour uno de los retornados dijo a SANA.<\/strong><\/span><\/p>\n<\/blockquote>\n<p style=\"text-align: justify;\"><strong>Idlib, 15 oct (SANA)<\/strong> M\u00e1s de 800 familias desplazadas regresaron hoy a sus casas en la ciudad de Maaret al-Nouman en la provincia septentrional de Idlib, liberada del terrorismo en el a\u00f1o 2020.<\/p>\n<p><img loading=\"lazy\" decoding=\"async\" class=\"size-medium wp-image-257388 alignright\" src=\"http:\/\/107.6.182.27\/es\/wp-content\/uploads\/2022\/10\/3-1-3-300x200.jpg\" alt=\"\" width=\"300\" height=\"200\" srcset=\"https:\/\/archive.sana.sy\/es\/wp-content\/uploads\/2022\/10\/3-1-3-300x200.jpg 300w, https:\/\/archive.sana.sy\/es\/wp-content\/uploads\/2022\/10\/3-1-3-1024x682.jpg 1024w, https:\/\/archive.sana.sy\/es\/wp-content\/uploads\/2022\/10\/3-1-3-150x100.jpg 150w, https:\/\/archive.sana.sy\/es\/wp-content\/uploads\/2022\/10\/3-1-3-768x512.jpg 768w, https:\/\/archive.sana.sy\/es\/wp-content\/uploads\/2022\/10\/3-1-3-1536x1024.jpg 1536w, https:\/\/archive.sana.sy\/es\/wp-content\/uploads\/2022\/10\/3-1-3-2048x1365.jpg 2048w\" sizes=\"(max-width: 300px) 100vw, 300px\" \/><\/p>\n<p style=\"text-align: justify;\">Los retornados fueron recibidos con una ceremonia oficial y popular en el centro de recibimiento de los retornados que fue abierto para este fin.<\/p>\n<p style=\"text-align: justify;\">El gobernador de Idlib, Thaer Salhab, declar\u00f3 a SANA que se comenz\u00f3 a recibir las solicitudes de los ciudadanos y se prepar\u00f3 un centro donde se preparan los datos necesarios para obtener aprobaci\u00f3n inmediata para regresar.<\/p>\n<p style=\"text-align: justify;\">\u201cEstos datos son necesarios para asegurar los servicios b\u00e1sicos para estas familias\u201d, aclar\u00f3 el gobernador.<\/p>\n<p style=\"text-align: justify;\">Salhab agreg\u00f3 que se &#8220;ha comenzado a retirar los escombros del interior de las calles principales y secundarias de la ciudad, y hay equipos especializados equipados con camiones y excavadoras que est\u00e1n haciendo el trabajo, mientras se trabaja para completar los servicios b\u00e1sicos para los retornados, incluyendo agua potable, electricidad, panader\u00edas, escuelas y otros\u201d.<\/p>\n<p style=\"text-align: justify;\">Muhammad Al-Hussein Al-Badour uno de los retornados dijo a SANA \u201cEstaba desplazado en la provincia de Hama con mi familia, hemos estado ausentes de esta ciudad durante m\u00e1s de 8 a\u00f1os por culpa de las organizaciones terroristas, y hoy me siento muy feliz de ver mi hogar\u201d.<\/p>\n<p style=\"text-align: justify;\">Por su parte, Muhammad al-Younis, vecino del barrio oriental de Maarat al-Numan, dijo: \u201cEstoy muy contento de entrar a mi ciudad despu\u00e9s de una ausencia de 9 a\u00f1os, y aunque estoy en silla de ruedas, insist\u00ed en volver a mi casa desde el primer d\u00eda, a pesar de las duras condiciones de vida, pero tenemos la determinaci\u00f3n de restaurar lo destruido por el terrorismo\u201d.<\/p>\n<p style=\"text-align: justify;\">fm\/sm<\/p>\n<div id='gallery-1' class='gallery galleryid-257387 gallery-columns-1 gallery-size-full'><figure class='gallery-item'>\n\t\t\t<div class='gallery-icon landscape'>\n\t\t\t\t<a href='https:\/\/archive.sana.sy\/es\/?attachment_id=257395'><img loading=\"lazy\" decoding=\"async\" width=\"2560\" height=\"1706\" src=\"https:\/\/archive.sana.sy\/es\/wp-content\/uploads\/2022\/10\/3-26-1-scaled.jpg\" class=\"attachment-full size-full\" alt=\"\" srcset=\"https:\/\/archive.sana.sy\/es\/wp-content\/uploads\/2022\/10\/3-26-1-scaled.jpg 2560w, https:\/\/archive.sana.sy\/es\/wp-content\/uploads\/2022\/10\/3-26-1-300x200.jpg 300w, https:\/\/archive.sana.sy\/es\/wp-content\/uploads\/2022\/10\/3-26-1-1024x682.jpg 1024w, https:\/\/archive.sana.sy\/es\/wp-content\/uploads\/2022\/10\/3-26-1-150x100.jpg 150w, https:\/\/archive.sana.sy\/es\/wp-content\/uploads\/2022\/10\/3-26-1-768x512.jpg 768w, https:\/\/archive.sana.sy\/es\/wp-content\/uploads\/2022\/10\/3-26-1-1536x1024.jpg 1536w, https:\/\/archive.sana.sy\/es\/wp-content\/uploads\/2022\/10\/3-26-1-2048x1365.jpg 2048w\" sizes=\"(max-width: 2560px) 100vw, 2560px\" \/><\/a>\n\t\t\t<\/div><\/figure><figure class='gallery-item'>\n\t\t\t<div class='gallery-icon landscape'>\n\t\t\t\t<a href='https:\/\/archive.sana.sy\/es\/?attachment_id=257397'><img loading=\"lazy\" decoding=\"async\" width=\"2560\" height=\"1616\" src=\"https:\/\/archive.sana.sy\/es\/wp-content\/uploads\/2022\/10\/3-32-scaled.jpg\" class=\"attachment-full size-full\" alt=\"\" srcset=\"https:\/\/archive.sana.sy\/es\/wp-content\/uploads\/2022\/10\/3-32-scaled.jpg 2560w, https:\/\/archive.sana.sy\/es\/wp-content\/uploads\/2022\/10\/3-32-300x189.jpg 300w, https:\/\/archive.sana.sy\/es\/wp-content\/uploads\/2022\/10\/3-32-1024x647.jpg 1024w, https:\/\/archive.sana.sy\/es\/wp-content\/uploads\/2022\/10\/3-32-150x95.jpg 150w, https:\/\/archive.sana.sy\/es\/wp-content\/uploads\/2022\/10\/3-32-768x485.jpg 768w, https:\/\/archive.sana.sy\/es\/wp-content\/uploads\/2022\/10\/3-32-1536x970.jpg 1536w, https:\/\/archive.sana.sy\/es\/wp-content\/uploads\/2022\/10\/3-32-2048x1293.jpg 2048w\" sizes=\"(max-width: 2560px) 100vw, 2560px\" \/><\/a>\n\t\t\t<\/div><\/figure><figure class='gallery-item'>\n\t\t\t<div class='gallery-icon landscape'>\n\t\t\t\t<a href='https:\/\/archive.sana.sy\/es\/?attachment_id=257394'><img loading=\"lazy\" decoding=\"async\" width=\"2560\" height=\"1538\" src=\"https:\/\/archive.sana.sy\/es\/wp-content\/uploads\/2022\/10\/3-24-1-scaled.jpg\" class=\"attachment-full size-full\" alt=\"\" srcset=\"https:\/\/archive.sana.sy\/es\/wp-content\/uploads\/2022\/10\/3-24-1-scaled.jpg 2560w, https:\/\/archive.sana.sy\/es\/wp-content\/uploads\/2022\/10\/3-24-1-300x180.jpg 300w, https:\/\/archive.sana.sy\/es\/wp-content\/uploads\/2022\/10\/3-24-1-1024x615.jpg 1024w, https:\/\/archive.sana.sy\/es\/wp-content\/uploads\/2022\/10\/3-24-1-150x90.jpg 150w, https:\/\/archive.sana.sy\/es\/wp-content\/uploads\/2022\/10\/3-24-1-768x461.jpg 768w, https:\/\/archive.sana.sy\/es\/wp-content\/uploads\/2022\/10\/3-24-1-1536x923.jpg 1536w, https:\/\/archive.sana.sy\/es\/wp-content\/uploads\/2022\/10\/3-24-1-2048x1230.jpg 2048w\" sizes=\"(max-width: 2560px) 100vw, 2560px\" \/><\/a>\n\t\t\t<\/div><\/figure><figure class='gallery-item'>\n\t\t\t<div class='gallery-icon landscape'>\n\t\t\t\t<a href='https:\/\/archive.sana.sy\/es\/?attachment_id=257389'><img loading=\"lazy\" decoding=\"async\" width=\"2560\" height=\"1652\" src=\"https:\/\/archive.sana.sy\/es\/wp-content\/uploads\/2022\/10\/3-3-scaled.jpg\" class=\"attachment-full size-full\" alt=\"\" srcset=\"https:\/\/archive.sana.sy\/es\/wp-content\/uploads\/2022\/10\/3-3-scaled.jpg 2560w, https:\/\/archive.sana.sy\/es\/wp-content\/uploads\/2022\/10\/3-3-300x194.jpg 300w, https:\/\/archive.sana.sy\/es\/wp-content\/uploads\/2022\/10\/3-3-1024x661.jpg 1024w, https:\/\/archive.sana.sy\/es\/wp-content\/uploads\/2022\/10\/3-3-150x97.jpg 150w, https:\/\/archive.sana.sy\/es\/wp-content\/uploads\/2022\/10\/3-3-768x496.jpg 768w, https:\/\/archive.sana.sy\/es\/wp-content\/uploads\/2022\/10\/3-3-1536x991.jpg 1536w, https:\/\/archive.sana.sy\/es\/wp-content\/uploads\/2022\/10\/3-3-2048x1321.jpg 2048w\" sizes=\"(max-width: 2560px) 100vw, 2560px\" \/><\/a>\n\t\t\t<\/div><\/figure><figure class='gallery-item'>\n\t\t\t<div class='gallery-icon landscape'>\n\t\t\t\t<a href='https:\/\/archive.sana.sy\/es\/?attachment_id=257390'><img loading=\"lazy\" decoding=\"async\" width=\"2560\" height=\"1544\" src=\"https:\/\/archive.sana.sy\/es\/wp-content\/uploads\/2022\/10\/3-5-scaled.jpg\" class=\"attachment-full size-full\" alt=\"\" srcset=\"https:\/\/archive.sana.sy\/es\/wp-content\/uploads\/2022\/10\/3-5-scaled.jpg 2560w, https:\/\/archive.sana.sy\/es\/wp-content\/uploads\/2022\/10\/3-5-300x181.jpg 300w, https:\/\/archive.sana.sy\/es\/wp-content\/uploads\/2022\/10\/3-5-1024x618.jpg 1024w, https:\/\/archive.sana.sy\/es\/wp-content\/uploads\/2022\/10\/3-5-150x90.jpg 150w, https:\/\/archive.sana.sy\/es\/wp-content\/uploads\/2022\/10\/3-5-768x463.jpg 768w, https:\/\/archive.sana.sy\/es\/wp-content\/uploads\/2022\/10\/3-5-1536x926.jpg 1536w, https:\/\/archive.sana.sy\/es\/wp-content\/uploads\/2022\/10\/3-5-2048x1235.jpg 2048w\" sizes=\"(max-width: 2560px) 100vw, 2560px\" \/><\/a>\n\t\t\t<\/div><\/figure><figure class='gallery-item'>\n\t\t\t<div class='gallery-icon landscape'>\n\t\t\t\t<a href='https:\/\/archive.sana.sy\/es\/?attachment_id=257391'><img loading=\"lazy\" decoding=\"async\" width=\"2560\" height=\"1707\" src=\"https:\/\/archive.sana.sy\/es\/wp-content\/uploads\/2022\/10\/3-9-scaled.jpg\" class=\"attachment-full size-full\" alt=\"\" srcset=\"https:\/\/archive.sana.sy\/es\/wp-content\/uploads\/2022\/10\/3-9-scaled.jpg 2560w, https:\/\/archive.sana.sy\/es\/wp-content\/uploads\/2022\/10\/3-9-300x200.jpg 300w, https:\/\/archive.sana.sy\/es\/wp-content\/uploads\/2022\/10\/3-9-1024x683.jpg 1024w, https:\/\/archive.sana.sy\/es\/wp-content\/uploads\/2022\/10\/3-9-150x100.jpg 150w, https:\/\/archive.sana.sy\/es\/wp-content\/uploads\/2022\/10\/3-9-768x512.jpg 768w, https:\/\/archive.sana.sy\/es\/wp-content\/uploads\/2022\/10\/3-9-1536x1024.jpg 1536w, https:\/\/archive.sana.sy\/es\/wp-content\/uploads\/2022\/10\/3-9-2048x1366.jpg 2048w\" sizes=\"(max-width: 2560px) 100vw, 2560px\" \/><\/a>\n\t\t\t<\/div><\/figure><figure class='gallery-item'>\n\t\t\t<div class='gallery-icon landscape'>\n\t\t\t\t<a href='https:\/\/archive.sana.sy\/es\/?attachment_id=257392'><img loading=\"lazy\" decoding=\"async\" width=\"2560\" height=\"1705\" src=\"https:\/\/archive.sana.sy\/es\/wp-content\/uploads\/2022\/10\/3-16-scaled.jpg\" class=\"attachment-full size-full\" alt=\"\" srcset=\"https:\/\/archive.sana.sy\/es\/wp-content\/uploads\/2022\/10\/3-16-scaled.jpg 2560w, https:\/\/archive.sana.sy\/es\/wp-content\/uploads\/2022\/10\/3-16-300x200.jpg 300w, https:\/\/archive.sana.sy\/es\/wp-content\/uploads\/2022\/10\/3-16-1024x682.jpg 1024w, https:\/\/archive.sana.sy\/es\/wp-content\/uploads\/2022\/10\/3-16-150x100.jpg 150w, https:\/\/archive.sana.sy\/es\/wp-content\/uploads\/2022\/10\/3-16-768x512.jpg 768w, https:\/\/archive.sana.sy\/es\/wp-content\/uploads\/2022\/10\/3-16-1536x1023.jpg 1536w, https:\/\/archive.sana.sy\/es\/wp-content\/uploads\/2022\/10\/3-16-2048x1364.jpg 2048w, https:\/\/archive.sana.sy\/es\/wp-content\/uploads\/2022\/10\/3-16-310x205.jpg 310w\" sizes=\"(max-width: 2560px) 100vw, 2560px\" \/><\/a>\n\t\t\t<\/div><\/figure><figure class='gallery-item'>\n\t\t\t<div class='gallery-icon landscape'>\n\t\t\t\t<a href='https:\/\/archive.sana.sy\/es\/?attachment_id=257393'><img loading=\"lazy\" decoding=\"async\" width=\"2560\" height=\"1706\" src=\"https:\/\/archive.sana.sy\/es\/wp-content\/uploads\/2022\/10\/3-20-1-scaled.jpg\" class=\"attachment-full size-full\" alt=\"\" srcset=\"https:\/\/archive.sana.sy\/es\/wp-content\/uploads\/2022\/10\/3-20-1-scaled.jpg 2560w, https:\/\/archive.sana.sy\/es\/wp-content\/uploads\/2022\/10\/3-20-1-300x200.jpg 300w, https:\/\/archive.sana.sy\/es\/wp-content\/uploads\/2022\/10\/3-20-1-1024x682.jpg 1024w, https:\/\/archive.sana.sy\/es\/wp-content\/uploads\/2022\/10\/3-20-1-150x100.jpg 150w, https:\/\/archive.sana.sy\/es\/wp-content\/uploads\/2022\/10\/3-20-1-768x512.jpg 768w, https:\/\/archive.sana.sy\/es\/wp-content\/uploads\/2022\/10\/3-20-1-1536x1024.jpg 1536w, https:\/\/archive.sana.sy\/es\/wp-content\/uploads\/2022\/10\/3-20-1-2048x1365.jpg 2048w\" sizes=\"(max-width: 2560px) 100vw, 2560px\" \/><\/a>\n\t\t\t<\/div><\/figure><figure class='gallery-item'>\n\t\t\t<div class='gallery-icon landscape'>\n\t\t\t\t<a href='https:\/\/archive.sana.sy\/es\/?attachment_id=257396'><img loading=\"lazy\" decoding=\"async\" width=\"2560\" height=\"1584\" src=\"https:\/\/archive.sana.sy\/es\/wp-content\/uploads\/2022\/10\/3-30-scaled.jpg\" class=\"attachment-full size-full\" alt=\"\" srcset=\"https:\/\/archive.sana.sy\/es\/wp-content\/uploads\/2022\/10\/3-30-scaled.jpg 2560w, https:\/\/archive.sana.sy\/es\/wp-content\/uploads\/2022\/10\/3-30-300x186.jpg 300w, https:\/\/archive.sana.sy\/es\/wp-content\/uploads\/2022\/10\/3-30-1024x634.jpg 1024w, https:\/\/archive.sana.sy\/es\/wp-content\/uploads\/2022\/10\/3-30-150x93.jpg 150w, https:\/\/archive.sana.sy\/es\/wp-content\/uploads\/2022\/10\/3-30-768x475.jpg 768w, https:\/\/archive.sana.sy\/es\/wp-content\/uploads\/2022\/10\/3-30-1536x950.jpg 1536w, https:\/\/archive.sana.sy\/es\/wp-content\/uploads\/2022\/10\/3-30-2048x1267.jpg 2048w\" sizes=\"(max-width: 2560px) 100vw, 2560px\" \/><\/a>\n\t\t\t<\/div><\/figure>\n\t\t<\/div>\n\n","protected":false},"excerpt":{"rendered":"<p>\u201cEstaba desplazado en la provincia de Hama con mi familia, hemos estado ausentes de esta ciudad durante m\u00e1s de 8 a\u00f1os por culpa de las organizaciones terroristas, y hoy me siento muy feliz de ver mi hogar\u201d, dijo Muhammad Al-Hussein Al-Badour uno de los retornados dijo a SANA. Idlib, 15 oct (SANA) M\u00e1s de 800 &hellip;<\/p>\n","protected":false},"author":39,"featured_media":257402,"comment_status":"closed","ping_status":"closed","sticky":false,"template":"","format":"standard","meta":{"footnotes":""},"categories":[477,597,573,476,583],"tags":[21246,10167,21247,21248],"class_list":["post-257387","post","type-post","status-publish","format-standard","has-post-thumbnail","","category-noticias-edulcorantes","category-cinta-de-noticias","category-la-realidad-de-los-acontecimientos-en-siria","category-locales","category-slide","tag-familias-desplazadas","tag-idlib","tag-maaret-al-nouman","tag-vuelven"],"_links":{"self":[{"href":"https:\/\/archive.sana.sy\/es\/index.php?rest_route=\/wp\/v2\/posts\/257387"}],"collection":[{"href":"https:\/\/archive.sana.sy\/es\/index.php?rest_route=\/wp\/v2\/posts"}],"about":[{"href":"https:\/\/archive.sana.sy\/es\/index.php?rest_route=\/wp\/v2\/types\/post"}],"author":[{"embeddable":true,"href":"https:\/\/archive.sana.sy\/es\/index.php?rest_route=\/wp\/v2\/users\/39"}],"replies":[{"embeddable":true,"href":"https:\/\/archive.sana.sy\/es\/index.php?rest_route=%2Fwp%2Fv2%2Fcomments&post=257387"}],"version-history":[{"count":0,"href":"https:\/\/archive.sana.sy\/es\/index.php?rest_route=\/wp\/v2\/posts\/257387\/revisions"}],"wp:featuredmedia":[{"embeddable":true,"href":"https:\/\/archive.sana.sy\/es\/index.php?rest_route=\/wp\/v2\/media\/257402"}],"wp:attachment":[{"href":"https:\/\/archive.sana.sy\/es\/index.php?rest_route=%2Fwp%2Fv2%2Fmedia&parent=257387"}],"wp:term":[{"taxonomy":"category","embeddable":true,"href":"https:\/\/archive.sana.sy\/es\/index.php?rest_route=%2Fwp%2Fv2%2Fcategories&post=257387"},{"taxonomy":"post_tag","embeddable":true,"href":"https:\/\/archive.sana.sy\/es\/index.php?rest_route=%2Fwp%2Fv2%2Ftags&post=257387"}],"curies":[{"name":"wp","href":"https:\/\/api.w.org\/{rel}","templated":true}]}}