{"id":257406,"date":"2022-10-15T16:49:29","date_gmt":"2022-10-15T13:49:29","guid":{"rendered":"http:\/\/107.6.182.27\/es\/?p=257406"},"modified":"2023-01-10T15:51:41","modified_gmt":"2023-01-10T13:51:41","slug":"ascienden-a-40-los-muertos-por-explosion-en-una-mina-de-carbon-en-turquia","status":"publish","type":"post","link":"https:\/\/archive.sana.sy\/es\/?p=257406","title":{"rendered":"Ascienden a 40 los muertos por explosi\u00f3n en una mina de carb\u00f3n en Turqu\u00eda"},"content":{"rendered":"<p style=\"text-align: justify;\"><span style=\"color: #800000;\"><strong>Ankara, 15 oct (SANA)<\/strong> <\/span>El ministro del Interior de Turqu\u00eda, S\u00fcleyman Soylu, inform\u00f3 que los muertos por la explosi\u00f3n en una mina de carb\u00f3n en la localidad turca de Amasra ascendieron a 40.<\/p>\n<p style=\"text-align: justify;\">Agreg\u00f3 que 11 heridos se encuentran hospitalizados.<\/p>\n<p style=\"text-align: justify;\">Aproximadamente 49 trabajadores de la mina hab\u00edan quedado atrapados tras el incidente, que se produjo a una profundidad de 300 metros.<\/p>\n<p style=\"text-align: justify;\">fm\/sm<\/p>\n","protected":false},"excerpt":{"rendered":"<p>Ankara, 15 oct (SANA) El ministro del Interior de Turqu\u00eda, S\u00fcleyman Soylu, inform\u00f3 que los muertos por la explosi\u00f3n en una mina de carb\u00f3n en la localidad turca de Amasra ascendieron a 40. Agreg\u00f3 que 11 heridos se encuentran hospitalizados. Aproximadamente 49 trabajadores de la mina hab\u00edan quedado atrapados tras el incidente, que se produjo &hellip;<\/p>\n","protected":false},"author":39,"featured_media":257407,"comment_status":"closed","ping_status":"closed","sticky":false,"template":"","format":"standard","meta":{"footnotes":""},"categories":[597,456,20724],"tags":[19740,21252,7512],"class_list":["post-257406","post","type-post","status-publish","format-standard","has-post-thumbnail","","category-cinta-de-noticias","category-arabe-internacional-politica","category-minuto-a-minuto","tag-explosion","tag-mina-de-carbon","tag-turquia"],"_links":{"self":[{"href":"https:\/\/archive.sana.sy\/es\/index.php?rest_route=\/wp\/v2\/posts\/257406"}],"collection":[{"href":"https:\/\/archive.sana.sy\/es\/index.php?rest_route=\/wp\/v2\/posts"}],"about":[{"href":"https:\/\/archive.sana.sy\/es\/index.php?rest_route=\/wp\/v2\/types\/post"}],"author":[{"embeddable":true,"href":"https:\/\/archive.sana.sy\/es\/index.php?rest_route=\/wp\/v2\/users\/39"}],"replies":[{"embeddable":true,"href":"https:\/\/archive.sana.sy\/es\/index.php?rest_route=%2Fwp%2Fv2%2Fcomments&post=257406"}],"version-history":[{"count":0,"href":"https:\/\/archive.sana.sy\/es\/index.php?rest_route=\/wp\/v2\/posts\/257406\/revisions"}],"wp:featuredmedia":[{"embeddable":true,"href":"https:\/\/archive.sana.sy\/es\/index.php?rest_route=\/wp\/v2\/media\/257407"}],"wp:attachment":[{"href":"https:\/\/archive.sana.sy\/es\/index.php?rest_route=%2Fwp%2Fv2%2Fmedia&parent=257406"}],"wp:term":[{"taxonomy":"category","embeddable":true,"href":"https:\/\/archive.sana.sy\/es\/index.php?rest_route=%2Fwp%2Fv2%2Fcategories&post=257406"},{"taxonomy":"post_tag","embeddable":true,"href":"https:\/\/archive.sana.sy\/es\/index.php?rest_route=%2Fwp%2Fv2%2Ftags&post=257406"}],"curies":[{"name":"wp","href":"https:\/\/api.w.org\/{rel}","templated":true}]}}