{"id":257409,"date":"2022-10-15T17:30:34","date_gmt":"2022-10-15T14:30:34","guid":{"rendered":"http:\/\/107.6.182.27\/es\/?p=257409"},"modified":"2023-01-10T15:51:41","modified_gmt":"2023-01-10T13:51:41","slug":"moscu-los-autores-del-atentado-contra-nord-stream-hundieron-a-europa-en-la-pobreza-energetica","status":"publish","type":"post","link":"https:\/\/archive.sana.sy\/es\/?p=257409","title":{"rendered":"Mosc\u00fa: Los autores del atentado contra Nord Stream hundieron a Europa en la pobreza energ\u00e9tica"},"content":{"rendered":"<p style=\"text-align: justify;\"><strong><span style=\"color: #800000;\">Mosc\u00fa, 15 oct (SANA)<\/span>\u00a0<\/strong> El viceprimer ministro ruso, Alex\u00e1nder Novak, dijo hoy que las fugas en los gasoductos Nord Stream 1 y Nord Stream 2, asociadas a un presunto sabotaje, anularon la seguridad energ\u00e9tica de Europa.<\/p>\n<p style=\"text-align: justify;\">Citado por RT, el alto funcionario dijo que &#8220;quienes concibieron y llevaron a cabo ese atentado terrorista simplemente hundieron a Europa en la pobreza energ\u00e9tica&#8221;.<\/p>\n<p style=\"text-align: justify;\">Seg\u00fan el presidente ruso, Vlad\u00edmir Putin, detr\u00e1s de estos ataques se encuentra alguien &#8220;capaz de organizar las explosiones t\u00e9cnicamente y que ya recurr\u00eda a ese tipo de sabotajes, y fue pillado con las manos en la masa, pero qued\u00f3 impune&#8221;.<\/p>\n<p style=\"text-align: justify;\">fm\/sm<\/p>\n","protected":false},"excerpt":{"rendered":"<p>Mosc\u00fa, 15 oct (SANA)\u00a0 El viceprimer ministro ruso, Alex\u00e1nder Novak, dijo hoy que las fugas en los gasoductos Nord Stream 1 y Nord Stream 2, asociadas a un presunto sabotaje, anularon la seguridad energ\u00e9tica de Europa. Citado por RT, el alto funcionario dijo que &#8220;quienes concibieron y llevaron a cabo ese atentado terrorista simplemente hundieron &hellip;<\/p>\n","protected":false},"author":39,"featured_media":257410,"comment_status":"closed","ping_status":"closed","sticky":false,"template":"","format":"standard","meta":{"footnotes":""},"categories":[597,456,20724,7541],"tags":[19911,7016,21065,21253],"class_list":["post-257409","post","type-post","status-publish","format-standard","has-post-thumbnail","","category-cinta-de-noticias","category-arabe-internacional-politica","category-minuto-a-minuto","category-ultimas-noticias","tag-europa","tag-moscu","tag-nord-stream","tag-pobreza-energetica"],"_links":{"self":[{"href":"https:\/\/archive.sana.sy\/es\/index.php?rest_route=\/wp\/v2\/posts\/257409"}],"collection":[{"href":"https:\/\/archive.sana.sy\/es\/index.php?rest_route=\/wp\/v2\/posts"}],"about":[{"href":"https:\/\/archive.sana.sy\/es\/index.php?rest_route=\/wp\/v2\/types\/post"}],"author":[{"embeddable":true,"href":"https:\/\/archive.sana.sy\/es\/index.php?rest_route=\/wp\/v2\/users\/39"}],"replies":[{"embeddable":true,"href":"https:\/\/archive.sana.sy\/es\/index.php?rest_route=%2Fwp%2Fv2%2Fcomments&post=257409"}],"version-history":[{"count":0,"href":"https:\/\/archive.sana.sy\/es\/index.php?rest_route=\/wp\/v2\/posts\/257409\/revisions"}],"wp:featuredmedia":[{"embeddable":true,"href":"https:\/\/archive.sana.sy\/es\/index.php?rest_route=\/wp\/v2\/media\/257410"}],"wp:attachment":[{"href":"https:\/\/archive.sana.sy\/es\/index.php?rest_route=%2Fwp%2Fv2%2Fmedia&parent=257409"}],"wp:term":[{"taxonomy":"category","embeddable":true,"href":"https:\/\/archive.sana.sy\/es\/index.php?rest_route=%2Fwp%2Fv2%2Fcategories&post=257409"},{"taxonomy":"post_tag","embeddable":true,"href":"https:\/\/archive.sana.sy\/es\/index.php?rest_route=%2Fwp%2Fv2%2Ftags&post=257409"}],"curies":[{"name":"wp","href":"https:\/\/api.w.org\/{rel}","templated":true}]}}