{"id":257638,"date":"2022-10-16T19:44:18","date_gmt":"2022-10-16T16:44:18","guid":{"rendered":"http:\/\/107.6.182.27\/es\/?p=257638"},"modified":"2023-01-10T15:51:38","modified_gmt":"2023-01-10T13:51:38","slug":"no-pagaremos-la-guerra-de-la-otan-masivas-protestas-contra-la-mala-gestion-de-la-crisis-en-europa","status":"publish","type":"post","link":"https:\/\/archive.sana.sy\/es\/?p=257638","title":{"rendered":"&#8220;No pagaremos la guerra de la OTAN&#8221;.. Masivas protestas contra la mala gesti\u00f3n de la crisis en Europa"},"content":{"rendered":"<p style=\"text-align: justify;\"><span style=\"color: #800000;\"><strong>Damasco, 16 oct (SANA)<\/strong><\/span>\u00a0 \u00a0Miles de personas volvieron a salir a las calles de las principales ciudades de Europa para manifestar su rechazo a las pol\u00edticas de la UE sobre la situaci\u00f3n en Ucrania y a las sanciones antirrusas. Los participantes de las protestas expresan su descontento por la amenaza de la crisis energ\u00e9tica y la inflaci\u00f3n que pone r\u00e9cords.<\/p>\n<p style=\"text-align: justify;\">Miles de espa\u00f1oles de distintas partes del pa\u00eds exigen a las autoridades recalcular las pensiones, los salarios dignos y la reducci\u00f3n de la desigualdad de g\u00e9nero en los pagos. Los manifestantes expresan lemas como: &#8220;La pobreza tiene rostro de mujer&#8221;, &#8220;Gobierne quien gobierne, las pensiones se defienden&#8221; o &#8220;Abajo los precios, arriba los salarios y pensiones&#8221; y llevan banderas republicanas, sovi\u00e9ticas, independentistas, vascas y sindicales.<\/p>\n<p style=\"text-align: justify;\">En tanto, los manifestantes de las principales ciudades italianas protestaron contra la pol\u00edtica de su Gobierno, exigiendo a las autoridades que abordaran los graves problemas socioecon\u00f3micos del pa\u00eds causados por la subida de los precios de la energ\u00eda y los alimentos. En Roma los participantes escribieron en sus pancartas: &#8220;OTAN y UE, d\u00e9jennos en paz&#8221;, &#8220;Fuera de Italia de la OTAN&#8221;, &#8220;Detengan las sanciones a Rusia&#8221;.<\/p>\n<p style=\"text-align: justify;\">Uno de los l\u00edderes de la asociaci\u00f3n, el exayudante del fiscal, Palermo Antonio Ingroia, asegur\u00f3 a Sputnik que, seg\u00fan los sondeos de opini\u00f3n, alrededor del 60% de los italianos no est\u00e1n de acuerdo con la pol\u00edtica de Roma hacia Kiev y Mosc\u00fa.<\/p>\n<p style=\"text-align: justify;\">&#8220;Hoy estamos reunidos aqu\u00ed precisamente para defender los intereses de los italianos. Porque al pueblo italiano le interesa que se inicien verdaderas negociaciones de paz. \u00a1No a la guerra, no a las sanciones contra Rusia! Es hora de decir &#8216;basta&#8217; a esta pol\u00edtica&#8221;, subray\u00f3.<\/p>\n<p style=\"text-align: justify;\">Otra manifestaci\u00f3n tuvo lugar en la ciudad de Verona, en el norte de Italia, bajo el lema &#8220;No pagaremos la guerra de la OTAN&#8221;. La protesta fue convocada por varias organizaciones p\u00fablicas, entre ellas la asociaci\u00f3n V\u00e9neto-Rusa. Su presidente, Palmarino Zocatelli, declar\u00f3 a Sputnik que durante la manifestaci\u00f3n cientos de personas firmaron una petici\u00f3n para el levantamiento inmediato de las sanciones impuestas por la UE a Mosc\u00fa.<\/p>\n<p style=\"text-align: justify;\">&#8220;No queremos ser c\u00f3mplices de la guerra que la OTAN quiere librar contra Rusia. Estamos en contra de esa l\u00ednea pol\u00edtica y por ello exigiremos que Italia se retire de la OTAN y deje de suministrar armas a Ucrania. Adem\u00e1s, seguiremos recogiendo firmas a favor del levantamiento de las sanciones antirrusas&#8221;, anunci\u00f3 Zocatelli.<\/p>\n<p style=\"text-align: justify;\">Una protesta contra el aumento de los precios de los alimentos y la energ\u00eda tuvo lugar en Leipzig, la mayor ciudad del estado alem\u00e1n de Sajonia. La manifestaci\u00f3n cont\u00f3 con la participaci\u00f3n de m\u00e1s de 1.000 personas.<\/p>\n<p style=\"text-align: justify;\">La mayor\u00eda de los que salieron a la calle eran partidarios de la izquierda, pero los votantes del partido de oposici\u00f3n de derechas Alternativa para Alemania tambi\u00e9n salieron a protestar contra la subida de precios y la pol\u00edtica energ\u00e9tica del Gobierno alem\u00e1n.<\/p>\n<p style=\"text-align: justify;\">Una protesta masiva del partido moldavo SOR tuvo lugar en la capital Chisinau. Los manifestantes se reunieron en la plaza central de la ciudad y exigieron la dimisi\u00f3n de los dirigentes del pa\u00eds porque consideran que las autoridades no hacen frente a la crisis y como muestra de estas acusaciones se\u00f1alan a la tasa de inflaci\u00f3n m\u00e1s alta en 20 a\u00f1os, que en septiembre se situ\u00f3 en el 33,97% interanual. El Gobierno moldavo tambi\u00e9n fue criticado por su reticencia a negociar mejores precios de gas con Rusia.<\/p>\n<p style=\"text-align: justify;\">No es la primera jornada da las protestas contra la inflaci\u00f3n y la ca\u00edda del nivel de vida en los Estados europeos. El 8 de octubre miles de personas de Italia, Alemania, Francia y Austria salieron a las principales ciudades de la UE para mostrar su rechazo a las pol\u00edticas comunitarias.<\/p>\n<p style=\"text-align: justify;\">La Uni\u00f3n Europea aprob\u00f3 el 6 de octubre el octavo paquete de sanciones contra Rusia, donde se incluyen las bases para limitar el precio del petr\u00f3leo ruso en el transporte mar\u00edtimo.<\/p>\n<p style=\"text-align: justify;\"><span style=\"color: #0000ff;\"><strong>Fuente: Sputnik<\/strong><\/span><\/p>\n","protected":false},"excerpt":{"rendered":"<p>Damasco, 16 oct (SANA)\u00a0 \u00a0Miles de personas volvieron a salir a las calles de las principales ciudades de Europa para manifestar su rechazo a las pol\u00edticas de la UE sobre la situaci\u00f3n en Ucrania y a las sanciones antirrusas. Los participantes de las protestas expresan su descontento por la amenaza de la crisis energ\u00e9tica y &hellip;<\/p>\n","protected":false},"author":31,"featured_media":257639,"comment_status":"closed","ping_status":"closed","sticky":false,"template":"","format":"standard","meta":{"footnotes":""},"categories":[16929,456],"tags":[],"class_list":["post-257638","post","type-post","status-publish","format-standard","has-post-thumbnail","","category-articulos-de-opinion","category-arabe-internacional-politica"],"_links":{"self":[{"href":"https:\/\/archive.sana.sy\/es\/index.php?rest_route=\/wp\/v2\/posts\/257638"}],"collection":[{"href":"https:\/\/archive.sana.sy\/es\/index.php?rest_route=\/wp\/v2\/posts"}],"about":[{"href":"https:\/\/archive.sana.sy\/es\/index.php?rest_route=\/wp\/v2\/types\/post"}],"author":[{"embeddable":true,"href":"https:\/\/archive.sana.sy\/es\/index.php?rest_route=\/wp\/v2\/users\/31"}],"replies":[{"embeddable":true,"href":"https:\/\/archive.sana.sy\/es\/index.php?rest_route=%2Fwp%2Fv2%2Fcomments&post=257638"}],"version-history":[{"count":0,"href":"https:\/\/archive.sana.sy\/es\/index.php?rest_route=\/wp\/v2\/posts\/257638\/revisions"}],"wp:featuredmedia":[{"embeddable":true,"href":"https:\/\/archive.sana.sy\/es\/index.php?rest_route=\/wp\/v2\/media\/257639"}],"wp:attachment":[{"href":"https:\/\/archive.sana.sy\/es\/index.php?rest_route=%2Fwp%2Fv2%2Fmedia&parent=257638"}],"wp:term":[{"taxonomy":"category","embeddable":true,"href":"https:\/\/archive.sana.sy\/es\/index.php?rest_route=%2Fwp%2Fv2%2Fcategories&post=257638"},{"taxonomy":"post_tag","embeddable":true,"href":"https:\/\/archive.sana.sy\/es\/index.php?rest_route=%2Fwp%2Fv2%2Ftags&post=257638"}],"curies":[{"name":"wp","href":"https:\/\/api.w.org\/{rel}","templated":true}]}}