{"id":257691,"date":"2022-10-17T06:18:30","date_gmt":"2022-10-17T03:18:30","guid":{"rendered":"http:\/\/107.6.182.27\/es\/?p=257691"},"modified":"2023-01-10T15:51:38","modified_gmt":"2023-01-10T13:51:38","slug":"iran-pone-en-marcha-una-refineria-de-petroleo-en-venezuela","status":"publish","type":"post","link":"https:\/\/archive.sana.sy\/es\/?p=257691","title":{"rendered":"Ir\u00e1n pone en marcha una refiner\u00eda de petr\u00f3leo en Venezuela"},"content":{"rendered":"<p style=\"text-align: justify;\"><span style=\"color: #800000;\"><strong>Caracas, 17 oct (SANA)<\/strong> <\/span>El ministro del Petr\u00f3leo de Ir\u00e1n, Javad Owji, anunci\u00f3 la puesta en marcha de la refiner\u00eda El Palito en Venezuela despu\u00e9s de completar su restauraci\u00f3n, precisando que ahora tiene la capacidad de refinar 100.000 barriles diarios de crudo.<\/p>\n<p style=\"text-align: justify;\">Citado por RT, el ministro iran\u00ed, la realizaci\u00f3n de dicho proyecto fue un sue\u00f1o de muchos a\u00f1os que, ahora, por fin se ha logrado gracias a los esfuerzos del equipo de la empresa iran\u00ed a cargo.<\/p>\n<p style=\"text-align: justify;\">Owji tambi\u00e9n se\u00f1al\u00f3 que Venezuela es el punto de partida para nuevas perspectivas extraterritoriales en el sector, y asegur\u00f3 que Teher\u00e1n seguir\u00e1 adelante con los proyectos en otros lugares.<\/p>\n<p style=\"text-align: justify;\">fm<\/p>\n<p style=\"text-align: justify;\">\n","protected":false},"excerpt":{"rendered":"<p>Caracas, 17 oct (SANA) El ministro del Petr\u00f3leo de Ir\u00e1n, Javad Owji, anunci\u00f3 la puesta en marcha de la refiner\u00eda El Palito en Venezuela despu\u00e9s de completar su restauraci\u00f3n, precisando que ahora tiene la capacidad de refinar 100.000 barriles diarios de crudo. Citado por RT, el ministro iran\u00ed, la realizaci\u00f3n de dicho proyecto fue un &hellip;<\/p>\n","protected":false},"author":34,"featured_media":257692,"comment_status":"closed","ping_status":"closed","sticky":false,"template":"","format":"standard","meta":{"footnotes":""},"categories":[597,456,20724,7541],"tags":[],"class_list":["post-257691","post","type-post","status-publish","format-standard","has-post-thumbnail","","category-cinta-de-noticias","category-arabe-internacional-politica","category-minuto-a-minuto","category-ultimas-noticias"],"_links":{"self":[{"href":"https:\/\/archive.sana.sy\/es\/index.php?rest_route=\/wp\/v2\/posts\/257691"}],"collection":[{"href":"https:\/\/archive.sana.sy\/es\/index.php?rest_route=\/wp\/v2\/posts"}],"about":[{"href":"https:\/\/archive.sana.sy\/es\/index.php?rest_route=\/wp\/v2\/types\/post"}],"author":[{"embeddable":true,"href":"https:\/\/archive.sana.sy\/es\/index.php?rest_route=\/wp\/v2\/users\/34"}],"replies":[{"embeddable":true,"href":"https:\/\/archive.sana.sy\/es\/index.php?rest_route=%2Fwp%2Fv2%2Fcomments&post=257691"}],"version-history":[{"count":0,"href":"https:\/\/archive.sana.sy\/es\/index.php?rest_route=\/wp\/v2\/posts\/257691\/revisions"}],"wp:featuredmedia":[{"embeddable":true,"href":"https:\/\/archive.sana.sy\/es\/index.php?rest_route=\/wp\/v2\/media\/257692"}],"wp:attachment":[{"href":"https:\/\/archive.sana.sy\/es\/index.php?rest_route=%2Fwp%2Fv2%2Fmedia&parent=257691"}],"wp:term":[{"taxonomy":"category","embeddable":true,"href":"https:\/\/archive.sana.sy\/es\/index.php?rest_route=%2Fwp%2Fv2%2Fcategories&post=257691"},{"taxonomy":"post_tag","embeddable":true,"href":"https:\/\/archive.sana.sy\/es\/index.php?rest_route=%2Fwp%2Fv2%2Ftags&post=257691"}],"curies":[{"name":"wp","href":"https:\/\/api.w.org\/{rel}","templated":true}]}}