{"id":257694,"date":"2022-10-17T09:20:52","date_gmt":"2022-10-17T06:20:52","guid":{"rendered":"http:\/\/107.6.182.27\/es\/?p=257694"},"modified":"2023-01-10T15:51:37","modified_gmt":"2023-01-10T13:51:37","slug":"ataque-masivo-con-drones-y-misiles-contra-blancos-en-kiev-y-otras-regiones-ucranianas","status":"publish","type":"post","link":"https:\/\/archive.sana.sy\/es\/?p=257694","title":{"rendered":"Ataque masivo con drones y misiles contra blancos en Kiev y otras regiones ucranianas"},"content":{"rendered":"<p style=\"text-align: justify;\"><span style=\"color: #800000;\"><strong>Mosc\u00fa, 17 oct (SANA)\u00a0<\/strong><\/span> La alerta a\u00e9rea se activ\u00f3 en horas tempranas de este lunes en la capital ucraniana Kiev, cuyo alcalde , Vitali Klichk\u00f3, confirm\u00f3 dos explosiones.<\/p>\n<p style=\"text-align: justify;\">Mientras tanto, el jefe de la Oficina Presidencial ucraniana, Andr\u00e9i Yermak, afirm\u00f3 que Kiev fue atacado con drones kamikaze. En ese contexto, solicit\u00f3 que m\u00e1s sistemas de defensa antia\u00e9rea sean entregados a Ucrania.<\/p>\n<p style=\"text-align: justify;\">Seg\u00fan los testigos, citados por medios locales, el humo apareci\u00f3 sobre la sede de la compa\u00f1\u00eda energ\u00e9tica ucraniana Ukrenergo.<\/p>\n<p style=\"text-align: justify;\">Asimismo, tras un ataque con misiles, se produjo un gran incendio en una instalaci\u00f3n de infraestructura energ\u00e9tica en la provincia ucraniana de Dnepropetrovsk, mientras se registr\u00f3 una explosi\u00f3n en un centro de infraestructuras cr\u00edticas en la regi\u00f3n de Sumy.<\/p>\n<p style=\"text-align: justify;\">Se reportaron alertas a\u00e9reas tambi\u00e9n en otras regiones de Ucrania, en las provincias de Zhit\u00f3mir, V\u00ednnitsa, Cherkasy, Kirovogrado, Nikol\u00e1yev y Odesa.<\/p>\n<p style=\"text-align: justify;\"><em><strong>fm\/ws<\/strong><\/em><\/p>\n","protected":false},"excerpt":{"rendered":"<p>Mosc\u00fa, 17 oct (SANA)\u00a0 La alerta a\u00e9rea se activ\u00f3 en horas tempranas de este lunes en la capital ucraniana Kiev, cuyo alcalde , Vitali Klichk\u00f3, confirm\u00f3 dos explosiones. Mientras tanto, el jefe de la Oficina Presidencial ucraniana, Andr\u00e9i Yermak, afirm\u00f3 que Kiev fue atacado con drones kamikaze. En ese contexto, solicit\u00f3 que m\u00e1s sistemas de &hellip;<\/p>\n","protected":false},"author":35,"featured_media":257705,"comment_status":"closed","ping_status":"closed","sticky":false,"template":"","format":"standard","meta":{"footnotes":""},"categories":[597,456,20724,457,583],"tags":[],"class_list":["post-257694","post","type-post","status-publish","format-standard","has-post-thumbnail","","category-cinta-de-noticias","category-arabe-internacional-politica","category-minuto-a-minuto","category-noticias-arabe-internacional-politica","category-slide"],"_links":{"self":[{"href":"https:\/\/archive.sana.sy\/es\/index.php?rest_route=\/wp\/v2\/posts\/257694"}],"collection":[{"href":"https:\/\/archive.sana.sy\/es\/index.php?rest_route=\/wp\/v2\/posts"}],"about":[{"href":"https:\/\/archive.sana.sy\/es\/index.php?rest_route=\/wp\/v2\/types\/post"}],"author":[{"embeddable":true,"href":"https:\/\/archive.sana.sy\/es\/index.php?rest_route=\/wp\/v2\/users\/35"}],"replies":[{"embeddable":true,"href":"https:\/\/archive.sana.sy\/es\/index.php?rest_route=%2Fwp%2Fv2%2Fcomments&post=257694"}],"version-history":[{"count":0,"href":"https:\/\/archive.sana.sy\/es\/index.php?rest_route=\/wp\/v2\/posts\/257694\/revisions"}],"wp:featuredmedia":[{"embeddable":true,"href":"https:\/\/archive.sana.sy\/es\/index.php?rest_route=\/wp\/v2\/media\/257705"}],"wp:attachment":[{"href":"https:\/\/archive.sana.sy\/es\/index.php?rest_route=%2Fwp%2Fv2%2Fmedia&parent=257694"}],"wp:term":[{"taxonomy":"category","embeddable":true,"href":"https:\/\/archive.sana.sy\/es\/index.php?rest_route=%2Fwp%2Fv2%2Fcategories&post=257694"},{"taxonomy":"post_tag","embeddable":true,"href":"https:\/\/archive.sana.sy\/es\/index.php?rest_route=%2Fwp%2Fv2%2Ftags&post=257694"}],"curies":[{"name":"wp","href":"https:\/\/api.w.org\/{rel}","templated":true}]}}