{"id":257740,"date":"2022-10-17T14:54:28","date_gmt":"2022-10-17T11:54:28","guid":{"rendered":"http:\/\/107.6.182.27\/es\/?p=257740"},"modified":"2022-10-17T14:54:28","modified_gmt":"2022-10-17T11:54:28","slug":"mekdad-y-pedersen-examinan-los-ultimos-desarrollos-relacionados-con-la-situacion-en-siria","status":"publish","type":"post","link":"https:\/\/archive.sana.sy\/es\/?p=257740","title":{"rendered":"Mekdad y Pedersen examinan los \u00faltimos desarrollos relacionados con la situaci\u00f3n en Siria"},"content":{"rendered":"<p style=\"text-align: justify;\"><strong>El canciller sirio afirm\u00f3 que la ocupaci\u00f3n estadounidense y turca de partes del territorio sirio, la ocupaci\u00f3n israel\u00ed del Gol\u00e1n y las repetidas agresiones israel\u00edes violan la soberan\u00eda de Siria, el Derecho Internacional y la Carta de las Naciones Unidas, y amenazan la paz y la seguridad en la regi\u00f3n.<\/strong><\/p>\n<p style=\"text-align: justify;\"><span style=\"color: #800000;\"><strong>Damasco, 17 oct (SANA)\u00a0<\/strong> <\/span>El ministro de Asuntos Exteriores y Expatriados, Faisal al-Mekdad, recibi\u00f3 hoy al enviado especial del Secretario General de las Naciones Unidas para Siria, Geir Pedersen, con quien abord\u00f3 los \u00faltimos desarrollos relacionados a la situaci\u00f3n en Siria.<\/p>\n<p style=\"text-align: justify;\">El enviado especial explic\u00f3 durante el encuentro los temas tratados durante sus recientes visitas a varios pa\u00edses y los esfuerzos realizados para reanudar el trabajo del Comit\u00e9 de Debate de la Constituci\u00f3n.<\/p>\n<p style=\"text-align: justify;\">El canciller sirio afirm\u00f3 que la ocupaci\u00f3n estadounidense y turca de partes del territorio sirio, la ocupaci\u00f3n israel\u00ed del Gol\u00e1n y las repetidas agresiones israel\u00edes violan la soberan\u00eda de Siria, el Derecho Internacional y la Carta de las Naciones Unidas, y amenazan la paz y la seguridad en la regi\u00f3n.<\/p>\n<p style=\"text-align: justify;\">Inst\u00f3 a las Naciones Unidas a que desempe\u00f1e su papel en este sentido de conformidad con su carta.<\/p>\n<p style=\"text-align: justify;\">fm\/ed<\/p>\n","protected":false},"excerpt":{"rendered":"<p>El canciller sirio afirm\u00f3 que la ocupaci\u00f3n estadounidense y turca de partes del territorio sirio, la ocupaci\u00f3n israel\u00ed del Gol\u00e1n y las repetidas agresiones israel\u00edes violan la soberan\u00eda de Siria, el Derecho Internacional y la Carta de las Naciones Unidas, y amenazan la paz y la seguridad en la regi\u00f3n. Damasco, 17 oct (SANA)\u00a0 El &hellip;<\/p>\n","protected":false},"author":32,"featured_media":257741,"comment_status":"closed","ping_status":"closed","sticky":false,"template":"","format":"standard","meta":{"footnotes":""},"categories":[477,597,476,583],"tags":[],"class_list":["post-257740","post","type-post","status-publish","format-standard","has-post-thumbnail","","category-noticias-edulcorantes","category-cinta-de-noticias","category-locales","category-slide"],"_links":{"self":[{"href":"https:\/\/archive.sana.sy\/es\/index.php?rest_route=\/wp\/v2\/posts\/257740"}],"collection":[{"href":"https:\/\/archive.sana.sy\/es\/index.php?rest_route=\/wp\/v2\/posts"}],"about":[{"href":"https:\/\/archive.sana.sy\/es\/index.php?rest_route=\/wp\/v2\/types\/post"}],"author":[{"embeddable":true,"href":"https:\/\/archive.sana.sy\/es\/index.php?rest_route=\/wp\/v2\/users\/32"}],"replies":[{"embeddable":true,"href":"https:\/\/archive.sana.sy\/es\/index.php?rest_route=%2Fwp%2Fv2%2Fcomments&post=257740"}],"version-history":[{"count":0,"href":"https:\/\/archive.sana.sy\/es\/index.php?rest_route=\/wp\/v2\/posts\/257740\/revisions"}],"wp:featuredmedia":[{"embeddable":true,"href":"https:\/\/archive.sana.sy\/es\/index.php?rest_route=\/wp\/v2\/media\/257741"}],"wp:attachment":[{"href":"https:\/\/archive.sana.sy\/es\/index.php?rest_route=%2Fwp%2Fv2%2Fmedia&parent=257740"}],"wp:term":[{"taxonomy":"category","embeddable":true,"href":"https:\/\/archive.sana.sy\/es\/index.php?rest_route=%2Fwp%2Fv2%2Fcategories&post=257740"},{"taxonomy":"post_tag","embeddable":true,"href":"https:\/\/archive.sana.sy\/es\/index.php?rest_route=%2Fwp%2Fv2%2Ftags&post=257740"}],"curies":[{"name":"wp","href":"https:\/\/api.w.org\/{rel}","templated":true}]}}