{"id":257764,"date":"2022-10-17T16:36:18","date_gmt":"2022-10-17T13:36:18","guid":{"rendered":"http:\/\/107.6.182.27\/es\/?p=257764"},"modified":"2022-10-20T09:01:24","modified_gmt":"2022-10-20T06:01:24","slug":"siria-participa-en-bazar-de-caridad-en-serbia","status":"publish","type":"post","link":"https:\/\/archive.sana.sy\/es\/?p=257764","title":{"rendered":"Siria participa en bazar de caridad en Serbia"},"content":{"rendered":"<p style=\"text-align: justify;\"><span style=\"color: #800000;\"><strong>Belgrado, 17 oct (SANA)<\/strong> <\/span>Siria, representada por su embajada en Serbia, particip\u00f3 en las actividades del bazar de caridad organizado por el Club Internacional de Mujeres (IOC) en la capital, Belgrado.<\/p>\n<p style=\"text-align: justify;\">Al margen del evento, el encargado de negocios el ministro plenipotenciario Ammar Awad, se reuni\u00f3 con la ministra de Trabajo y Asuntos Sociales de Serbia, Daria Tepcharevich, quien acogi\u00f3 con benepl\u00e1cito la participaci\u00f3n siria en el acto.<\/p>\n<p style=\"text-align: justify;\">Expres\u00f3 su aprecio por la regreso de la seguridad y la estabilidad a Siria.<\/p>\n<p style=\"text-align: justify;\">A su vez, el Encargado de Negocios expres\u00f3 su agradecimiento a las posiciones de la ministra serbia, y destac\u00f3 el inter\u00e9s de la embajada en participar en todos los actos y eventos que se celebren en Serbia con el fin de arrojar la luz a la cultura y civilizaci\u00f3n de Siria.<\/p>\n<p style=\"text-align: justify;\">Se informa que 25 embajadas extranjeras acreditadas en Belgrado participar\u00e1n en las actividades del mencionado bazar.<\/p>\n<p>mm\/fm<\/p>\n","protected":false},"excerpt":{"rendered":"<p>Belgrado, 17 oct (SANA) Siria, representada por su embajada en Serbia, particip\u00f3 en las actividades del bazar de caridad organizado por el Club Internacional de Mujeres (IOC) en la capital, Belgrado. Al margen del evento, el encargado de negocios el ministro plenipotenciario Ammar Awad, se reuni\u00f3 con la ministra de Trabajo y Asuntos Sociales de &hellip;<\/p>\n","protected":false},"author":36,"featured_media":257765,"comment_status":"closed","ping_status":"closed","sticky":false,"template":"","format":"standard","meta":{"footnotes":""},"categories":[597,510,20724,467],"tags":[21267],"class_list":["post-257764","post","type-post","status-publish","format-standard","has-post-thumbnail","","category-cinta-de-noticias","category-arte-y-cultura","category-minuto-a-minuto","category-siria-y-el-mundo","tag-bazar-de-caridad-en-serbia"],"_links":{"self":[{"href":"https:\/\/archive.sana.sy\/es\/index.php?rest_route=\/wp\/v2\/posts\/257764"}],"collection":[{"href":"https:\/\/archive.sana.sy\/es\/index.php?rest_route=\/wp\/v2\/posts"}],"about":[{"href":"https:\/\/archive.sana.sy\/es\/index.php?rest_route=\/wp\/v2\/types\/post"}],"author":[{"embeddable":true,"href":"https:\/\/archive.sana.sy\/es\/index.php?rest_route=\/wp\/v2\/users\/36"}],"replies":[{"embeddable":true,"href":"https:\/\/archive.sana.sy\/es\/index.php?rest_route=%2Fwp%2Fv2%2Fcomments&post=257764"}],"version-history":[{"count":0,"href":"https:\/\/archive.sana.sy\/es\/index.php?rest_route=\/wp\/v2\/posts\/257764\/revisions"}],"wp:featuredmedia":[{"embeddable":true,"href":"https:\/\/archive.sana.sy\/es\/index.php?rest_route=\/wp\/v2\/media\/257765"}],"wp:attachment":[{"href":"https:\/\/archive.sana.sy\/es\/index.php?rest_route=%2Fwp%2Fv2%2Fmedia&parent=257764"}],"wp:term":[{"taxonomy":"category","embeddable":true,"href":"https:\/\/archive.sana.sy\/es\/index.php?rest_route=%2Fwp%2Fv2%2Fcategories&post=257764"},{"taxonomy":"post_tag","embeddable":true,"href":"https:\/\/archive.sana.sy\/es\/index.php?rest_route=%2Fwp%2Fv2%2Ftags&post=257764"}],"curies":[{"name":"wp","href":"https:\/\/api.w.org\/{rel}","templated":true}]}}