{"id":25794,"date":"2015-06-30T20:54:53","date_gmt":"2015-06-30T17:54:53","guid":{"rendered":"http:\/\/sana.sy\/es\/?p=25794"},"modified":"2015-07-01T14:41:27","modified_gmt":"2015-07-01T11:41:27","slug":"organizaciones-terroristas-sufren-bajas-en-operativos-militares-del-ejercito-en-deraa-quneitra-y-alepo","status":"publish","type":"post","link":"https:\/\/archive.sana.sy\/es\/?p=25794","title":{"rendered":"Organizaciones terroristas sufren bajas en operativos militares del ej\u00e9rcito en Deraa, Quneitra y Alepo"},"content":{"rendered":"<p style=\"text-align: justify\"><span style=\"color: #800000\">Provincias, SANA<\/span><\/p>\n<p style=\"text-align: justify\">Las Fuerzas Armadas han continuado sus operativos militares encaminados a liberar el territorio nacional de las organizaciones terroristas.<\/p>\n<p style=\"text-align: justify\"><span style=\"color: #0000ff\">Quneitra<\/span><\/p>\n<p style=\"text-align: justify\">En el campo de la provincia sure\u00f1a de Quneitra, una unidad del ej\u00e9rcito elimin\u00f3 a varios extremistas integrantes de la organizaci\u00f3n terrorista del Frente al-Nousra en la zona de las colinas rojas, cerca del poblado de Hadar.<\/p>\n<p style=\"text-align: justify\"><span style=\"color: #0000ff\">Deraa<\/span><\/p>\n<p style=\"text-align: justify\">Por otro lado, una fuente militar inform\u00f3 que una escuadra del ej\u00e9rcito destruy\u00f3 a dos veh\u00edculos de las organizaciones terroristas en el poblado de Kefer Nssej, en el campo de Deraa.<\/p>\n<p style=\"text-align: justify\"><span style=\"color: #0000ff\">Damasco-campo<\/span><\/p>\n<p style=\"text-align: justify\">Mientras tanto, unidades del ej\u00e9rcito llevaron a cabo una serie de operativos en Damasco-campo, donde destruyeron a refugios de terrorsitas del Frente de al-Nousra en las granjas de Khan al-Shih.<\/p>\n<p style=\"text-align: justify\"><span style=\"color: #0000ff\">Alepo<\/span><\/p>\n<p style=\"text-align: justify\">En el campo de Alepo, un destacamento militar infligi\u00f3 cuantiosas p\u00e9rdidas en las filas de las organizaciones terroristas en bombardeos de la Fuerzas \u00c1rea contra las localidades de Azaz, Hreitan,, Mansoura, Khanasser, Harbal y Babins.<\/p>\n<p style=\"text-align: justify\">Una fuente militar inform\u00f3 que los aviones de combate sirios aniquilaron a concentraciones del Estado Isl\u00e1mico en las inmediaciones de la Academia de la Fuerza A\u00e9rea situada al este de la ciudad de Alepo.<\/p>\n<p style=\"text-align: justify\">En la ciudad de Alepo, las FFAA eliminaron a terroristas del Frente de al-Nousra en los barrios de al-Rashidin, Maysar, y Karem Qateryi.<\/p>\n<p style=\"text-align: justify\"><span style=\"color: #0000ff\">Homs<\/span><\/p>\n<p style=\"text-align: justify\">En la provincia central, las FFAA realizaron este martes una serie de exitosos operativos antiterroristas en los campos este y norte de Homs.<\/p>\n<p style=\"text-align: justify\">En este contexto, una fuente militar revel\u00f3 que unidades castrenses se encararon a terroristas que libraban ataques desde los pueblos de Sallam Gharbi, al-Sultaniya, y al norte del pueblo de al-Tarfaui contra el pueblo\u00a0de Abou al-Alaya al norte de la ciudad de Homs, logrando infligir bajas en sus filas.<\/p>\n<p style=\"text-align: justify\">Asimismo, varios terroristas del EI resultaron muertos en redadas de la Fuerza \u00c1reas contra concentraciones suyas en la ciudad de Palmira, Tal al-Waer y al-Kadim en el campo este de la provincia central.<\/p>\n<p style=\"text-align: justify\">De igual manera, los terroristas del Frente de al-Nousra sufrieron numerosas bajas en operativos realizados por el\u00a0ej\u00e9rcito en la zona de Talbisa situada en el campo norte de Homs.<\/p>\n<p style=\"text-align: justify\">Tambi\u00e9n, los cazas sirios realizaron redadas contra concentraciones de terroristas en al-Zaafaraneh al-Sharikia y al-Rastan, en las cuales dejaron muertos a numerosos terroristas y destruidos a sus veh\u00edculos y pertrechos b\u00e9licos.<\/p>\n<p style=\"text-align: justify\">En las inmediaciones de Palmira en el campo este de la provincia de Homs, las Fuerzas Armadas destruyeron a dos veh\u00edculos de la organizaci\u00f3n terrorista del Estado Isl\u00e1mico.<\/p>\n<p style=\"text-align: justify\"><span style=\"color: #0000ff\">Hama<\/span><\/p>\n<p style=\"text-align: justify\">En el campo este de Hama, la Fuerza A\u00e9rea Siria asest\u00f3 duros golpes a concentraciones del EI y sus veh\u00edculos en las \u00e1reas de Ezreya, Salim, al-Hadday, y al-Quneitra.<\/p>\n<p style=\"text-align: justify\">En paralelo, los cazas sirios destruyeron varios veh\u00edculos de terroristas y acabaron con un n\u00famero de ellos en Eidon, al-Yamaleh y Zakia situados en el campo sure\u00f1o de la provincia.<\/p>\n<p style=\"text-align: justify\"><span style=\"color: #0000ff\">Hassakeh<\/span><\/p>\n<p style=\"text-align: justify\">Asimismo, el reportero de SANA confirm\u00f3 la eliminaci\u00f3n de m\u00e1s de 40 terroristas del EI, mercenarios \u00e1rabes en su gran mayor\u00eda, en operativos del ej\u00e9rcito en el barrio de Ghueran.<\/p>\n<p style=\"text-align: justify\">En este contexto, decenas de terroristas del EI se escaparon hacia el barrio de al-Vilta al-Homer despu\u00e9s de recibir duros golpes por parte del ej\u00e9rcito, las fuerzas de seguridad y los grupos de defensa popular.<\/p>\n<p style=\"text-align: justify\">El corresponsal de SANA cit\u00f3 a fuentes en la provincia de Hassakeh diciendo que las FFAA repelieron a los terroristas del Estado Isl\u00e1mico de amplias superficies de los barrios de al-Nashwa al-Shariaa, y al-Nashawa al-Vilat de la ciudad de Hassakeh.<\/p>\n<p style=\"text-align: justify\">Las fuentes confirmaron que los mercenarios del EI sufrieron cuantiosas bajas a manos del ej\u00e9rcito, a\u00f1adiendo que los efectivos que defienden el Departamento para Asuntos de Emigraci\u00f3n y Pasaportes, la Prisi\u00f3n Central, y las fuerzas de la Seguridad lograron hacer frente a las arremetidas y las explosiones libradas por los terroristas del EI, lo cual contribuy\u00f3 a impedirles entrar en otros barrios de la ciudad de Hassakeh.<\/p>\n<p style=\"text-align: justify\">Asimismo confirm\u00f3 que los barrios de al-Salihiya, al-Nafti, Tal Hayar, al-Nasra, el centro de la ciudad de Hassakeh y las \u00e1reas de Masaken al-Qudat, al-Hay al-Askari, al-Sinaa, Marsho y Sakan al-Atibaa (viviendas de m\u00e9dicos) est\u00e1n seguras.<\/p>\n<p style=\"text-align: justify\">De igual manera aludi\u00f3 al retorno de muchos habitantes de la ciudad a sus hogares gracias a la resistencia del ej\u00e9rcito y las fuerzas que lo respaldan.<\/p>\n<p style=\"text-align: justify\"><span style=\"color: #0000ff\">Idleb<\/span><\/p>\n<p style=\"text-align: justify\">En el campo de Idleb, los terroristas del llamado \u201cEj\u00e9rcito de Fateh\u201dsufrieron decenas de bajas y p\u00e9rdidas materiales tras redadas de los aviones de combate sirios contra posiciones suyas en el pueblo de al-Mayas y su parte sur, y la localidad de Abou al-Douhur al este de la ciudad de Idleb, y en las localidades de Ehsem y Shanan en el monte de Zauiyeh.<\/p>\n<p style=\"text-align: justify\">Asimismo, una fuente militar le informo a SANA, que unas unidades del ej\u00e9rcito eliminaron a todos los miembros de dos grupos terroristas en las zonas de Tal al-Sahen y Tal Gazal en las afueras de la ciudad de Idleb.<\/p>\n<p style=\"text-align: justify\"><span style=\"color: #0000ff\">Latakia<\/span><\/p>\n<p style=\"text-align: justify\">En el campo norte\u00f1o de Latakia, los cazas sirios golpearon posiciones del Frente de al-Nousra en la periferia de la represa de Bradoun y el pueblo de al-Rawda, logrando infligir bajas en las filas de los terroristas de dicha organizaci\u00f3n.<\/p>\n<p style=\"text-align: justify\">De igual manera, la aviaci\u00f3n militar del ej\u00e9rcito bombarde\u00f3 escondites terroristas en la aldea de al-Durra en el norte de la ciudad costera de Latakia, donde un n\u00famero de los mercenarios cayeron entre muertes y heridos.<\/p>\n<p>&nbsp;<\/p>\n<p><span style=\"color: #00ccff\">Fady M., Hala B., Lynn A., M.Miri<\/span><\/p>\n","protected":false},"excerpt":{"rendered":"<p>Provincias, SANA Las Fuerzas Armadas han continuado sus operativos militares encaminados a liberar el territorio nacional de las organizaciones terroristas. Quneitra En el campo de la provincia sure\u00f1a de Quneitra, una unidad del ej\u00e9rcito elimin\u00f3 a varios extremistas integrantes de la organizaci\u00f3n terrorista del Frente al-Nousra en la zona de las colinas rojas, cerca del &hellip;<\/p>\n","protected":false},"author":1,"featured_media":25795,"comment_status":"closed","ping_status":"closed","sticky":false,"template":"","format":"standard","meta":{"footnotes":""},"categories":[573],"tags":[5780,5781],"class_list":["post-25794","post","type-post","status-publish","format-standard","has-post-thumbnail","","category-la-realidad-de-los-acontecimientos-en-siria","tag-organizaciones-terroristas-sufren-bajas-en-operativos-militares-del-ejercito-en-deraa","tag-quneitra-y-alepo"],"_links":{"self":[{"href":"https:\/\/archive.sana.sy\/es\/index.php?rest_route=\/wp\/v2\/posts\/25794"}],"collection":[{"href":"https:\/\/archive.sana.sy\/es\/index.php?rest_route=\/wp\/v2\/posts"}],"about":[{"href":"https:\/\/archive.sana.sy\/es\/index.php?rest_route=\/wp\/v2\/types\/post"}],"author":[{"embeddable":true,"href":"https:\/\/archive.sana.sy\/es\/index.php?rest_route=\/wp\/v2\/users\/1"}],"replies":[{"embeddable":true,"href":"https:\/\/archive.sana.sy\/es\/index.php?rest_route=%2Fwp%2Fv2%2Fcomments&post=25794"}],"version-history":[{"count":0,"href":"https:\/\/archive.sana.sy\/es\/index.php?rest_route=\/wp\/v2\/posts\/25794\/revisions"}],"wp:featuredmedia":[{"embeddable":true,"href":"https:\/\/archive.sana.sy\/es\/index.php?rest_route=\/wp\/v2\/media\/25795"}],"wp:attachment":[{"href":"https:\/\/archive.sana.sy\/es\/index.php?rest_route=%2Fwp%2Fv2%2Fmedia&parent=25794"}],"wp:term":[{"taxonomy":"category","embeddable":true,"href":"https:\/\/archive.sana.sy\/es\/index.php?rest_route=%2Fwp%2Fv2%2Fcategories&post=25794"},{"taxonomy":"post_tag","embeddable":true,"href":"https:\/\/archive.sana.sy\/es\/index.php?rest_route=%2Fwp%2Fv2%2Ftags&post=25794"}],"curies":[{"name":"wp","href":"https:\/\/api.w.org\/{rel}","templated":true}]}}