{"id":25797,"date":"2015-06-30T12:07:36","date_gmt":"2015-06-30T09:07:36","guid":{"rendered":"http:\/\/sana.sy\/es\/?p=25797"},"modified":"2015-06-30T12:07:36","modified_gmt":"2015-06-30T09:07:36","slug":"damasco-expresa-disposicion-de-cooperar-para-mejorar-la-situacion-humanitaria-en-siria","status":"publish","type":"post","link":"https:\/\/archive.sana.sy\/es\/?p=25797","title":{"rendered":"Damasco expresa disposici\u00f3n de cooperar para mejorar la situaci\u00f3n humanitaria en Siria"},"content":{"rendered":"<div><span lang=\"ES-TRAD\" style=\"color: #ff0000\">Nueva York, SANA<\/span><\/div>\n<div><\/div>\n<div><span lang=\"ES-TRAD\">El Representante Permanente de Siria ante las Naciones Unidas, Bashar al-Jaafari, dijo que el gobierno sirio est\u00e1 dispuesto a cooperar con todas las partes que tienen intenciones sinceras en el Consejo de Seguridad para mejorar la situaci\u00f3n humanitaria en Siria.<\/span><\/div>\n<div><\/div>\n<div><span lang=\"ES-TRAD\">La afirmaci\u00f3n de Jaafari se produjo en una sesi\u00f3n del Consejo de Seguridad para discutir el \u00faltimo informe del Secretario General sobre la aplicaci\u00f3n de las resoluciones No.2139, No.2165 y No.2191 sobre la situaci\u00f3n humanitaria en Siria.<\/span><\/div>\n<div><\/div>\n<div><span lang=\"ES-TRAD\">El delegado sirio destac\u00f3 que el gobierno sirio est\u00e1 haciendo lo posible para poner fin a la crisis por los medios pac\u00edficos aprobados por el Consejo de Seguridad, y continuar\u00e1 estos esfuerzos para alcanzar una soluci\u00f3n pol\u00edtica puramente siria y sin injerencia externa ninguna.<\/span><\/div>\n<div><\/div>\n<div><span lang=\"ES-TRAD\">Asimismo, precis\u00f3 que Siria quiere cooperar en el tema humanitario pero est\u00e1 consciente de que algunos en el Consejo de Seguridad han ido demasiado lejos en su apoyo al terrorismo y son parte del problema y no de la soluci\u00f3n.<\/span><\/div>\n<div><\/div>\n<div><span lang=\"ES-TRAD\">Jaafari indic\u00f3 que algunos en esta organizaci\u00f3n internacional todav\u00eda est\u00e1n tratando a esta dolorosa situaci\u00f3n al margen de la intervenci\u00f3n pol\u00edtica, militar y econ\u00f3mica externa en la escena siria.<\/span><\/div>\n<div><\/div>\n<div><span lang=\"ES-TRAD\">Dijo tambi\u00e9n que &#8220;se hizo evidente para todo el mundo que muchos de los que lamentan el dolor del pueblo sirio son los principales causantes del derramamiento de la sangre de los sirios, y que todo lo que sucede en el norte y el sur de Siria est\u00e1 siendo coordinando a trav\u00e9s de c\u00e1maras de operaciones en Jordania y Turqu\u00eda&#8221;.<\/span><\/div>\n<div><\/div>\n<div><span lang=\"ES-TRAD\">El diplom\u00e1tico sirio hizo hincapi\u00e9 en que la mejora de la situaci\u00f3n humanitaria en Siria de forma concreta y real conlleva abandonar este enfoque equivocado explicando que &#8220;no se puede hablar de poner fin a los dolores de los sirios y de la crisis humanitaria en Siria a la luz de silencio sobre la continuaci\u00f3n de Turqu\u00eda y Jordania a su territorio para el cruce de terroristas extranjeros mercenarios.<\/span><\/div>\n<div><\/div>\n<div><span lang=\"ES-TRAD\">Jaafari se\u00f1al\u00f3 que algunos pa\u00edses en el Consejo de Seguridad utilizan a los derechos humanos y a la protecci\u00f3n y asistencia a los civiles como instrumento de presi\u00f3n para sus cuentas pol\u00edticas.<\/span><\/div>\n<div><\/div>\n<div><span lang=\"ES-TRAD\">El delegado de Siria ante la ONU concluy\u00f3 que &#8220;en Siria estamos luchando contra el terrorismo en nombre de toda la humanidad, y cada vez que el Ej\u00e9rcito Sirio mata a un terrorista extranjera en Siria protege a decenas de inocentes que podr\u00edan ser potenciales v\u00edctimas de este terrorista cuando vuelva a su pa\u00eds de origen&#8221;.<\/span><\/div>\n<div><\/div>\n<div><span style=\"color: #00ccff\">Fady M., Hala B.<\/span><\/div>\n<div class=\"yj6qo ajU\">\n<div id=\":u4\" class=\"ajR\"><img decoding=\"async\" class=\"ajT\" src=\"https:\/\/ssl.gstatic.com\/ui\/v1\/icons\/mail\/images\/cleardot.gif\" alt=\"\" \/><\/div>\n<\/div>\n","protected":false},"excerpt":{"rendered":"<p>Nueva York, SANA El Representante Permanente de Siria ante las Naciones Unidas, Bashar al-Jaafari, dijo que el gobierno sirio est\u00e1 dispuesto a cooperar con todas las partes que tienen intenciones sinceras en el Consejo de Seguridad para mejorar la situaci\u00f3n humanitaria en Siria. La afirmaci\u00f3n de Jaafari se produjo en una sesi\u00f3n del Consejo de &hellip;<\/p>\n","protected":false},"author":1,"featured_media":25798,"comment_status":"closed","ping_status":"closed","sticky":false,"template":"","format":"standard","meta":{"footnotes":""},"categories":[456,576],"tags":[5782],"class_list":["post-25797","post","type-post","status-publish","format-standard","has-post-thumbnail","","category-arabe-internacional-politica","category-noticias-politicas","tag-damasco-expresa-disposicion-de-cooperar-para-mejorar-la-situacion-humanitaria-en-siria"],"_links":{"self":[{"href":"https:\/\/archive.sana.sy\/es\/index.php?rest_route=\/wp\/v2\/posts\/25797"}],"collection":[{"href":"https:\/\/archive.sana.sy\/es\/index.php?rest_route=\/wp\/v2\/posts"}],"about":[{"href":"https:\/\/archive.sana.sy\/es\/index.php?rest_route=\/wp\/v2\/types\/post"}],"author":[{"embeddable":true,"href":"https:\/\/archive.sana.sy\/es\/index.php?rest_route=\/wp\/v2\/users\/1"}],"replies":[{"embeddable":true,"href":"https:\/\/archive.sana.sy\/es\/index.php?rest_route=%2Fwp%2Fv2%2Fcomments&post=25797"}],"version-history":[{"count":0,"href":"https:\/\/archive.sana.sy\/es\/index.php?rest_route=\/wp\/v2\/posts\/25797\/revisions"}],"wp:featuredmedia":[{"embeddable":true,"href":"https:\/\/archive.sana.sy\/es\/index.php?rest_route=\/wp\/v2\/media\/25798"}],"wp:attachment":[{"href":"https:\/\/archive.sana.sy\/es\/index.php?rest_route=%2Fwp%2Fv2%2Fmedia&parent=25797"}],"wp:term":[{"taxonomy":"category","embeddable":true,"href":"https:\/\/archive.sana.sy\/es\/index.php?rest_route=%2Fwp%2Fv2%2Fcategories&post=25797"},{"taxonomy":"post_tag","embeddable":true,"href":"https:\/\/archive.sana.sy\/es\/index.php?rest_route=%2Fwp%2Fv2%2Ftags&post=25797"}],"curies":[{"name":"wp","href":"https:\/\/api.w.org\/{rel}","templated":true}]}}