{"id":257997,"date":"2022-10-18T21:16:16","date_gmt":"2022-10-18T18:16:16","guid":{"rendered":"http:\/\/107.6.182.27\/es\/?p=257997"},"modified":"2022-10-18T21:16:16","modified_gmt":"2022-10-18T18:16:16","slug":"mascate-confirma-postura-de-apoyo-a-damasco","status":"publish","type":"post","link":"https:\/\/archive.sana.sy\/es\/?p=257997","title":{"rendered":"Mascate confirma postura de apoyo a Damasco"},"content":{"rendered":"<p style=\"text-align: justify;\"><span style=\"color: #800000;\"><strong>Mascate, 18 oct (SANA)<\/strong> <\/span>El subsecretario del Ministerio de Relaciones Exteriores de Om\u00e1n para Asuntos Diplom\u00e1ticos, Khalifa bin Ali Al-Harthi, afirm\u00f3 las posiciones de apoyo de su pa\u00eds a la soberan\u00eda, la independencia y la integridad territorial de Siria, y el entusiasmo de los dos pa\u00edses por mejorar sus relaciones bilaterales a niveles m\u00e1s altos para servir a sus intereses comunes.<\/p>\n<p style=\"text-align: justify;\">Las recientes declaraciones oman\u00edes se produjeron durante su reuni\u00f3n con el nuevo embajador sirio en el Sultanato, Idris Maya.<\/p>\n<p style=\"text-align: justify;\">Al respecto, el embajador sirio agradeci\u00f3 las posturas del Sultanato en apoyo a Siria, y se\u00f1al\u00f3 que mejorar y fortalecer las relaciones entre los dos pa\u00edses en todos los campos es una de las prioridades de la pol\u00edtica exterior siria.<\/p>\n<p style=\"text-align: justify;\">Anteriormente, el sult\u00e1n Haitham bin Tariq Al Said, sult\u00e1n de Om\u00e1n, ratific\u00f3 las firmes posiciones de su pa\u00eds y su apoyo a Siria, destacando la importancia de respetar la soberan\u00eda y la integridad territorial de Siria.<\/p>\n<p style=\"text-align: justify;\">Al aceptar las credenciales de Idris Ahmed Maya como nuevo embajador de Siria ante el Sultanato de Om\u00e1n, el sult\u00e1n de Om\u00e1n transmiti\u00f3 a trav\u00e9s del embajador sus mejores deseos al presidente Bashar al-Assad y sus mejores deseos al hermano pueblo sirio.<\/p>\n<p>mm<\/p>\n","protected":false},"excerpt":{"rendered":"<p>Mascate, 18 oct (SANA) El subsecretario del Ministerio de Relaciones Exteriores de Om\u00e1n para Asuntos Diplom\u00e1ticos, Khalifa bin Ali Al-Harthi, afirm\u00f3 las posiciones de apoyo de su pa\u00eds a la soberan\u00eda, la independencia y la integridad territorial de Siria, y el entusiasmo de los dos pa\u00edses por mejorar sus relaciones bilaterales a niveles m\u00e1s altos &hellip;<\/p>\n","protected":false},"author":36,"featured_media":257998,"comment_status":"closed","ping_status":"closed","sticky":false,"template":"","format":"standard","meta":{"footnotes":""},"categories":[597,20724,467,7541],"tags":[21275],"class_list":["post-257997","post","type-post","status-publish","format-standard","has-post-thumbnail","","category-cinta-de-noticias","category-minuto-a-minuto","category-siria-y-el-mundo","category-ultimas-noticias","tag-mascate-y-damasco"],"_links":{"self":[{"href":"https:\/\/archive.sana.sy\/es\/index.php?rest_route=\/wp\/v2\/posts\/257997"}],"collection":[{"href":"https:\/\/archive.sana.sy\/es\/index.php?rest_route=\/wp\/v2\/posts"}],"about":[{"href":"https:\/\/archive.sana.sy\/es\/index.php?rest_route=\/wp\/v2\/types\/post"}],"author":[{"embeddable":true,"href":"https:\/\/archive.sana.sy\/es\/index.php?rest_route=\/wp\/v2\/users\/36"}],"replies":[{"embeddable":true,"href":"https:\/\/archive.sana.sy\/es\/index.php?rest_route=%2Fwp%2Fv2%2Fcomments&post=257997"}],"version-history":[{"count":0,"href":"https:\/\/archive.sana.sy\/es\/index.php?rest_route=\/wp\/v2\/posts\/257997\/revisions"}],"wp:featuredmedia":[{"embeddable":true,"href":"https:\/\/archive.sana.sy\/es\/index.php?rest_route=\/wp\/v2\/media\/257998"}],"wp:attachment":[{"href":"https:\/\/archive.sana.sy\/es\/index.php?rest_route=%2Fwp%2Fv2%2Fmedia&parent=257997"}],"wp:term":[{"taxonomy":"category","embeddable":true,"href":"https:\/\/archive.sana.sy\/es\/index.php?rest_route=%2Fwp%2Fv2%2Fcategories&post=257997"},{"taxonomy":"post_tag","embeddable":true,"href":"https:\/\/archive.sana.sy\/es\/index.php?rest_route=%2Fwp%2Fv2%2Ftags&post=257997"}],"curies":[{"name":"wp","href":"https:\/\/api.w.org\/{rel}","templated":true}]}}