{"id":25806,"date":"2015-06-30T14:54:52","date_gmt":"2015-06-30T11:54:52","guid":{"rendered":"http:\/\/sana.sy\/es\/?p=25806"},"modified":"2015-06-30T14:54:52","modified_gmt":"2015-06-30T11:54:52","slug":"ejercito-iraqui-elimina-a-20-terroristas-del-ei-en-ataques-aereos","status":"publish","type":"post","link":"https:\/\/archive.sana.sy\/es\/?p=25806","title":{"rendered":"Ej\u00e9rcito iraqu\u00ed elimina a 20 terroristas del EI en ataques a\u00e9reos"},"content":{"rendered":"<div><span lang=\"ES-TRAD\" style=\"color: #ff0000\">Bagdad, SANA<\/span><\/div>\n<div><\/div>\n<div><span lang=\"ES-TRAD\">Fuerzas iraqu\u00edes eliminaron a 20 terroristas, entre ellos cabecillas de la organizaci\u00f3n terrorista del Estado Isl\u00e1mico, en incursiones de la Fuerza A\u00e9rea iraqu\u00ed contra las posiciones de los terroristas en la zona de Qaim en la provincia de Anbar, en el oeste de Irak.<\/span><\/div>\n<div><\/div>\n<div><span lang=\"ES-TRAD\">Por su parte, un portavoz del Ministerio del Interior iraqu\u00ed dijo que los ataques a\u00e9reos llevaron a un terrorista de nacionalidad siria responsable de sembrar bombas y otros saudita y tunec\u00ed responsables de los suicidas.<\/span><\/div>\n<div><\/div>\n<div><span lang=\"ES-TRAD\">En el contexto de las operaciones militares en Samarra en la provincia de Salahuddin, las fuerzas iraqu\u00edes liberaron la zona de Khuzeimi y desactivaron los explosivos en la misma.<\/span><\/div>\n<div><\/div>\n<div><span lang=\"ES-TRAD\">Por otro lado, una fuerza conjunta hall\u00f3 a un dep\u00f3sito de armas que contiene morteros, tres lanzadores RPG, siete fusiles de francotiradores \u00a0y cohetes en la provincia de Samarra .<\/span><\/div>\n<div><\/div>\n<div><span style=\"color: #00ccff\">Fady M., Hala B.<\/span><\/div>\n<div class=\"yj6qo ajU\">\n<div id=\":y7\" class=\"ajR\"><img decoding=\"async\" class=\"ajT\" src=\"https:\/\/ssl.gstatic.com\/ui\/v1\/icons\/mail\/images\/cleardot.gif\" alt=\"\" \/><\/div>\n<\/div>\n","protected":false},"excerpt":{"rendered":"<p>Bagdad, SANA Fuerzas iraqu\u00edes eliminaron a 20 terroristas, entre ellos cabecillas de la organizaci\u00f3n terrorista del Estado Isl\u00e1mico, en incursiones de la Fuerza A\u00e9rea iraqu\u00ed contra las posiciones de los terroristas en la zona de Qaim en la provincia de Anbar, en el oeste de Irak. Por su parte, un portavoz del Ministerio del Interior &hellip;<\/p>\n","protected":false},"author":1,"featured_media":25807,"comment_status":"closed","ping_status":"closed","sticky":false,"template":"","format":"standard","meta":{"footnotes":""},"categories":[456,576],"tags":[5785],"class_list":["post-25806","post","type-post","status-publish","format-standard","has-post-thumbnail","","category-arabe-internacional-politica","category-noticias-politicas","tag-ejercito-iraqui-elimina-a-20-terroristas-del-ei-en-ataques-aereos"],"_links":{"self":[{"href":"https:\/\/archive.sana.sy\/es\/index.php?rest_route=\/wp\/v2\/posts\/25806"}],"collection":[{"href":"https:\/\/archive.sana.sy\/es\/index.php?rest_route=\/wp\/v2\/posts"}],"about":[{"href":"https:\/\/archive.sana.sy\/es\/index.php?rest_route=\/wp\/v2\/types\/post"}],"author":[{"embeddable":true,"href":"https:\/\/archive.sana.sy\/es\/index.php?rest_route=\/wp\/v2\/users\/1"}],"replies":[{"embeddable":true,"href":"https:\/\/archive.sana.sy\/es\/index.php?rest_route=%2Fwp%2Fv2%2Fcomments&post=25806"}],"version-history":[{"count":0,"href":"https:\/\/archive.sana.sy\/es\/index.php?rest_route=\/wp\/v2\/posts\/25806\/revisions"}],"wp:featuredmedia":[{"embeddable":true,"href":"https:\/\/archive.sana.sy\/es\/index.php?rest_route=\/wp\/v2\/media\/25807"}],"wp:attachment":[{"href":"https:\/\/archive.sana.sy\/es\/index.php?rest_route=%2Fwp%2Fv2%2Fmedia&parent=25806"}],"wp:term":[{"taxonomy":"category","embeddable":true,"href":"https:\/\/archive.sana.sy\/es\/index.php?rest_route=%2Fwp%2Fv2%2Fcategories&post=25806"},{"taxonomy":"post_tag","embeddable":true,"href":"https:\/\/archive.sana.sy\/es\/index.php?rest_route=%2Fwp%2Fv2%2Ftags&post=25806"}],"curies":[{"name":"wp","href":"https:\/\/api.w.org\/{rel}","templated":true}]}}