{"id":258088,"date":"2022-10-19T14:39:48","date_gmt":"2022-10-19T11:39:48","guid":{"rendered":"http:\/\/107.6.182.27\/es\/?p=258088"},"modified":"2022-10-19T14:50:12","modified_gmt":"2022-10-19T11:50:12","slug":"el-movimiento-hamas-confirma-desde-damasco-el-restablecimiento-de-sus-relaciones-con-siria","status":"publish","type":"post","link":"https:\/\/archive.sana.sy\/es\/?p=258088","title":{"rendered":"El movimiento Ham\u00e1s confirma desde Damasco el restablecimiento de sus relaciones con Siria"},"content":{"rendered":"<blockquote>\n<p style=\"text-align: justify;\"><strong>\u201cSiria y Ham\u00e1s acordaron dejar atr\u00e1s el pasado y caminar hacia el futuro\u201d.<\/strong><\/p>\n<\/blockquote>\n<p style=\"text-align: justify;\"><span style=\"color: #800000;\"><strong>Damasco, 19 oct (SANA)\u00a0<\/strong> <\/span>\u00a0El secretario general del Frente Popular para la Liberaci\u00f3n de Palestina &#8211; Comando General- ,Talal Naji, describi\u00f3 a Siria como una fortaleza que ha dado mucho al pueblo palestino.<\/p>\n<p style=\"text-align: justify;\">En una rueda de prensa con otros representantes de los grupos palestinos, Naji expres\u00f3 la alegr\u00eda por el restablecimiento de las relaciones entre Siria y el movimiento de resistencia palestina Ham\u00e1s.<\/p>\n<p style=\"text-align: justify;\">A su vez, Khalil al-Haya, el miembro del Bur\u00f3 Pol\u00edtico de Ham\u00e1s, dijo durante la conferencia de prensa, que el eje de la resistencia es inquebrantable y el esp\u00edritu de resistencia renace hoy sobre el territorio sirio.<\/p>\n<p style=\"text-align: justify;\">Desde Siria le decimos al ocupante que estamos decididos a frustrar todos sus planes y los de Estados Unidos contra la causa palestina, dijo al-Haya.<\/p>\n<p style=\"text-align: justify;\">Revel\u00f3 que \u201cSiria y Ham\u00e1s acordaron superar el pasado y caminar hacia el futuro\u201d.<\/p>\n<p style=\"text-align: justify;\">fm\/ed<\/p>\n","protected":false},"excerpt":{"rendered":"<p>\u201cSiria y Ham\u00e1s acordaron dejar atr\u00e1s el pasado y caminar hacia el futuro\u201d. Damasco, 19 oct (SANA)\u00a0 \u00a0El secretario general del Frente Popular para la Liberaci\u00f3n de Palestina &#8211; Comando General- ,Talal Naji, describi\u00f3 a Siria como una fortaleza que ha dado mucho al pueblo palestino. En una rueda de prensa con otros representantes de &hellip;<\/p>\n","protected":false},"author":32,"featured_media":258091,"comment_status":"closed","ping_status":"closed","sticky":false,"template":"","format":"standard","meta":{"footnotes":""},"categories":[477,447,597,476,583],"tags":[21277,6553],"class_list":["post-258088","post","type-post","status-publish","format-standard","has-post-thumbnail","","category-noticias-edulcorantes","category-local-politica","category-cinta-de-noticias","category-locales","category-slide","tag-hamas","tag-siria"],"_links":{"self":[{"href":"https:\/\/archive.sana.sy\/es\/index.php?rest_route=\/wp\/v2\/posts\/258088"}],"collection":[{"href":"https:\/\/archive.sana.sy\/es\/index.php?rest_route=\/wp\/v2\/posts"}],"about":[{"href":"https:\/\/archive.sana.sy\/es\/index.php?rest_route=\/wp\/v2\/types\/post"}],"author":[{"embeddable":true,"href":"https:\/\/archive.sana.sy\/es\/index.php?rest_route=\/wp\/v2\/users\/32"}],"replies":[{"embeddable":true,"href":"https:\/\/archive.sana.sy\/es\/index.php?rest_route=%2Fwp%2Fv2%2Fcomments&post=258088"}],"version-history":[{"count":0,"href":"https:\/\/archive.sana.sy\/es\/index.php?rest_route=\/wp\/v2\/posts\/258088\/revisions"}],"wp:featuredmedia":[{"embeddable":true,"href":"https:\/\/archive.sana.sy\/es\/index.php?rest_route=\/wp\/v2\/media\/258091"}],"wp:attachment":[{"href":"https:\/\/archive.sana.sy\/es\/index.php?rest_route=%2Fwp%2Fv2%2Fmedia&parent=258088"}],"wp:term":[{"taxonomy":"category","embeddable":true,"href":"https:\/\/archive.sana.sy\/es\/index.php?rest_route=%2Fwp%2Fv2%2Fcategories&post=258088"},{"taxonomy":"post_tag","embeddable":true,"href":"https:\/\/archive.sana.sy\/es\/index.php?rest_route=%2Fwp%2Fv2%2Ftags&post=258088"}],"curies":[{"name":"wp","href":"https:\/\/api.w.org\/{rel}","templated":true}]}}