{"id":25809,"date":"2015-06-30T15:17:27","date_gmt":"2015-06-30T12:17:27","guid":{"rendered":"http:\/\/sana.sy\/es\/?p=25809"},"modified":"2015-06-30T15:17:27","modified_gmt":"2015-06-30T12:17:27","slug":"ejercito-libanes-arresta-a-ocho-terroristas-sirios","status":"publish","type":"post","link":"https:\/\/archive.sana.sy\/es\/?p=25809","title":{"rendered":"Ej\u00e9rcito liban\u00e9s arresta a ocho terroristas sirios"},"content":{"rendered":"<div><span style=\"color: #ff0000\">Beirut, SANA<\/span><\/div>\n<div><\/div>\n<div>El ej\u00e9rcito liban\u00e9s arrest\u00f3 a ocho terroristas sirios en las ciudades de Labwa y Arsal, por afiliare \u00a0a organizaciones terroristas<span dir=\"RTL\" lang=\"AR-SA\">.<\/span><\/div>\n<div><\/div>\n<div>Una declaraci\u00f3n del Departamento de Orientaci\u00f3n en la Comandancia del ej\u00e9rcito liban\u00e9s inform\u00f3 que los terroristas capturados fueron entregados a las autoridades competentes<span dir=\"RTL\" lang=\"AR-SA\">.<\/span><\/div>\n<div><\/div>\n<div>El ej\u00e9rcito liban\u00e9s ha arrestado recientemente a decenas de terroristas y frustr\u00f3 a decenas de intentos para infiltrarse al interior liban\u00e9s.<\/div>\n<div><\/div>\n<div>Por otro lado, la seguridad libanesa detuvo hace tres d\u00edas a dos personas que planeaban detonar un coche bomba en Beirut<span dir=\"RTL\" lang=\"AR-SA\">.<\/span><\/div>\n<div><\/div>\n<div><span style=\"color: #00ccff\">Fady M., Hala B.<\/span><\/div>\n","protected":false},"excerpt":{"rendered":"<p>Beirut, SANA El ej\u00e9rcito liban\u00e9s arrest\u00f3 a ocho terroristas sirios en las ciudades de Labwa y Arsal, por afiliare \u00a0a organizaciones terroristas. Una declaraci\u00f3n del Departamento de Orientaci\u00f3n en la Comandancia del ej\u00e9rcito liban\u00e9s inform\u00f3 que los terroristas capturados fueron entregados a las autoridades competentes. El ej\u00e9rcito liban\u00e9s ha arrestado recientemente a decenas de terroristas &hellip;<\/p>\n","protected":false},"author":1,"featured_media":25810,"comment_status":"closed","ping_status":"closed","sticky":false,"template":"","format":"standard","meta":{"footnotes":""},"categories":[456,576],"tags":[5786],"class_list":["post-25809","post","type-post","status-publish","format-standard","has-post-thumbnail","","category-arabe-internacional-politica","category-noticias-politicas","tag-ejercito-libanes-arresta-a-ocho-terroristas-sirios"],"_links":{"self":[{"href":"https:\/\/archive.sana.sy\/es\/index.php?rest_route=\/wp\/v2\/posts\/25809"}],"collection":[{"href":"https:\/\/archive.sana.sy\/es\/index.php?rest_route=\/wp\/v2\/posts"}],"about":[{"href":"https:\/\/archive.sana.sy\/es\/index.php?rest_route=\/wp\/v2\/types\/post"}],"author":[{"embeddable":true,"href":"https:\/\/archive.sana.sy\/es\/index.php?rest_route=\/wp\/v2\/users\/1"}],"replies":[{"embeddable":true,"href":"https:\/\/archive.sana.sy\/es\/index.php?rest_route=%2Fwp%2Fv2%2Fcomments&post=25809"}],"version-history":[{"count":0,"href":"https:\/\/archive.sana.sy\/es\/index.php?rest_route=\/wp\/v2\/posts\/25809\/revisions"}],"wp:featuredmedia":[{"embeddable":true,"href":"https:\/\/archive.sana.sy\/es\/index.php?rest_route=\/wp\/v2\/media\/25810"}],"wp:attachment":[{"href":"https:\/\/archive.sana.sy\/es\/index.php?rest_route=%2Fwp%2Fv2%2Fmedia&parent=25809"}],"wp:term":[{"taxonomy":"category","embeddable":true,"href":"https:\/\/archive.sana.sy\/es\/index.php?rest_route=%2Fwp%2Fv2%2Fcategories&post=25809"},{"taxonomy":"post_tag","embeddable":true,"href":"https:\/\/archive.sana.sy\/es\/index.php?rest_route=%2Fwp%2Fv2%2Ftags&post=25809"}],"curies":[{"name":"wp","href":"https:\/\/api.w.org\/{rel}","templated":true}]}}