{"id":258151,"date":"2022-10-19T20:45:42","date_gmt":"2022-10-19T17:45:42","guid":{"rendered":"http:\/\/107.6.182.27\/es\/?p=258151"},"modified":"2023-01-10T15:51:32","modified_gmt":"2023-01-10T13:51:32","slug":"dimite-la-ministra-britanica-de-interior","status":"publish","type":"post","link":"https:\/\/archive.sana.sy\/es\/?p=258151","title":{"rendered":"Dimite la ministra brit\u00e1nica de Interior"},"content":{"rendered":"<p style=\"text-align: justify;\"><span style=\"color: #800000;\"><strong>Londres, 19 oct (SANA)<\/strong><\/span> La ministra brit\u00e1nica de Interior, Suella Braverman, ha dimitido este mi\u00e9rcoles tras haber asumido el cargo hace mes y medio con la llegada al poder de la primera ministra conservadora, Liz Truss.<\/p>\n<p style=\"text-align: justify;\">La renuncia se produce entre crecientes presiones dentro del Partido Conservador para que Truss abandone Downing Street. La primera ministra est\u00e1 inmersa en una grave crisis tras la tormenta pol\u00edtica y econ\u00f3mica desatada por su bajada masiva de impuestos, la cual se ha visto obligada a revertir.<\/p>\n<p style=\"text-align: justify;\">Se informa que el peri\u00f3dico The Guardian fue el primer medio en publicar la noticia.<\/p>\n<p>mm<\/p>\n<p>&nbsp;<\/p>\n","protected":false},"excerpt":{"rendered":"<p>Londres, 19 oct (SANA) La ministra brit\u00e1nica de Interior, Suella Braverman, ha dimitido este mi\u00e9rcoles tras haber asumido el cargo hace mes y medio con la llegada al poder de la primera ministra conservadora, Liz Truss. La renuncia se produce entre crecientes presiones dentro del Partido Conservador para que Truss abandone Downing Street. La primera &hellip;<\/p>\n","protected":false},"author":36,"featured_media":258152,"comment_status":"closed","ping_status":"closed","sticky":false,"template":"","format":"standard","meta":{"footnotes":""},"categories":[597,456,20724,457],"tags":[21278],"class_list":["post-258151","post","type-post","status-publish","format-standard","has-post-thumbnail","","category-cinta-de-noticias","category-arabe-internacional-politica","category-minuto-a-minuto","category-noticias-arabe-internacional-politica","tag-ministra-britanica-de-interior"],"_links":{"self":[{"href":"https:\/\/archive.sana.sy\/es\/index.php?rest_route=\/wp\/v2\/posts\/258151"}],"collection":[{"href":"https:\/\/archive.sana.sy\/es\/index.php?rest_route=\/wp\/v2\/posts"}],"about":[{"href":"https:\/\/archive.sana.sy\/es\/index.php?rest_route=\/wp\/v2\/types\/post"}],"author":[{"embeddable":true,"href":"https:\/\/archive.sana.sy\/es\/index.php?rest_route=\/wp\/v2\/users\/36"}],"replies":[{"embeddable":true,"href":"https:\/\/archive.sana.sy\/es\/index.php?rest_route=%2Fwp%2Fv2%2Fcomments&post=258151"}],"version-history":[{"count":0,"href":"https:\/\/archive.sana.sy\/es\/index.php?rest_route=\/wp\/v2\/posts\/258151\/revisions"}],"wp:featuredmedia":[{"embeddable":true,"href":"https:\/\/archive.sana.sy\/es\/index.php?rest_route=\/wp\/v2\/media\/258152"}],"wp:attachment":[{"href":"https:\/\/archive.sana.sy\/es\/index.php?rest_route=%2Fwp%2Fv2%2Fmedia&parent=258151"}],"wp:term":[{"taxonomy":"category","embeddable":true,"href":"https:\/\/archive.sana.sy\/es\/index.php?rest_route=%2Fwp%2Fv2%2Fcategories&post=258151"},{"taxonomy":"post_tag","embeddable":true,"href":"https:\/\/archive.sana.sy\/es\/index.php?rest_route=%2Fwp%2Fv2%2Ftags&post=258151"}],"curies":[{"name":"wp","href":"https:\/\/api.w.org\/{rel}","templated":true}]}}