{"id":258181,"date":"2022-10-19T21:04:27","date_gmt":"2022-10-19T18:04:27","guid":{"rendered":"http:\/\/107.6.182.27\/es\/?p=258181"},"modified":"2022-10-19T21:04:40","modified_gmt":"2022-10-19T18:04:40","slug":"milicia-proestadounidense-fds-asalta-oficinas-de-la-oms-y-la-unesco-en-qamishli","status":"publish","type":"post","link":"https:\/\/archive.sana.sy\/es\/?p=258181","title":{"rendered":"Milicia proestadounidense FDS asalta oficinas de la OMS y la UNESCO en Qamishli"},"content":{"rendered":"<p style=\"text-align: justify;\"><span style=\"color: #800000;\"><strong>Hasakeh, 19 oct (SANA)<\/strong> <\/span>Un grupo armado afiliado a la milicia proestadounidense FDS asalt\u00f3 las oficinas de la Organizaci\u00f3n Mundial de la Salud y la UNESCO, en el barrio Al-Seyahi de la ciudad de Qamishli, y destruy\u00f3 su contenido.<\/p>\n<p style=\"text-align: justify;\">Fuentes de Qamishli dijeron a SANA que un grupo armado afiliado a la milicia FDS atac\u00f3 hoy la oficina de la Organizaci\u00f3n Mundial de la Salud y asalt\u00f3 la mayor\u00eda de sus departamentos despu\u00e9s de desactivar y romper c\u00e1maras de vigilancia.<\/p>\n<p style=\"text-align: justify;\">Las fuentes se\u00f1alaron que el mismo grupo armado atac\u00f3 posteriormente la oficina de la UNESCO en la ciudad y tambi\u00e9n rompi\u00f3 los cristales de la misma.<\/p>\n<p>mm<\/p>\n","protected":false},"excerpt":{"rendered":"<p>Hasakeh, 19 oct (SANA) Un grupo armado afiliado a la milicia proestadounidense FDS asalt\u00f3 las oficinas de la Organizaci\u00f3n Mundial de la Salud y la UNESCO, en el barrio Al-Seyahi de la ciudad de Qamishli, y destruy\u00f3 su contenido. Fuentes de Qamishli dijeron a SANA que un grupo armado afiliado a la milicia FDS atac\u00f3 &hellip;<\/p>\n","protected":false},"author":36,"featured_media":258182,"comment_status":"closed","ping_status":"closed","sticky":false,"template":"","format":"standard","meta":{"footnotes":""},"categories":[597,573,20724,7541],"tags":[19605],"class_list":["post-258181","post","type-post","status-publish","format-standard","has-post-thumbnail","","category-cinta-de-noticias","category-la-realidad-de-los-acontecimientos-en-siria","category-minuto-a-minuto","category-ultimas-noticias","tag-fds"],"_links":{"self":[{"href":"https:\/\/archive.sana.sy\/es\/index.php?rest_route=\/wp\/v2\/posts\/258181"}],"collection":[{"href":"https:\/\/archive.sana.sy\/es\/index.php?rest_route=\/wp\/v2\/posts"}],"about":[{"href":"https:\/\/archive.sana.sy\/es\/index.php?rest_route=\/wp\/v2\/types\/post"}],"author":[{"embeddable":true,"href":"https:\/\/archive.sana.sy\/es\/index.php?rest_route=\/wp\/v2\/users\/36"}],"replies":[{"embeddable":true,"href":"https:\/\/archive.sana.sy\/es\/index.php?rest_route=%2Fwp%2Fv2%2Fcomments&post=258181"}],"version-history":[{"count":0,"href":"https:\/\/archive.sana.sy\/es\/index.php?rest_route=\/wp\/v2\/posts\/258181\/revisions"}],"wp:featuredmedia":[{"embeddable":true,"href":"https:\/\/archive.sana.sy\/es\/index.php?rest_route=\/wp\/v2\/media\/258182"}],"wp:attachment":[{"href":"https:\/\/archive.sana.sy\/es\/index.php?rest_route=%2Fwp%2Fv2%2Fmedia&parent=258181"}],"wp:term":[{"taxonomy":"category","embeddable":true,"href":"https:\/\/archive.sana.sy\/es\/index.php?rest_route=%2Fwp%2Fv2%2Fcategories&post=258181"},{"taxonomy":"post_tag","embeddable":true,"href":"https:\/\/archive.sana.sy\/es\/index.php?rest_route=%2Fwp%2Fv2%2Ftags&post=258181"}],"curies":[{"name":"wp","href":"https:\/\/api.w.org\/{rel}","templated":true}]}}