{"id":258184,"date":"2022-10-19T21:15:52","date_gmt":"2022-10-19T18:15:52","guid":{"rendered":"http:\/\/107.6.182.27\/es\/?p=258184"},"modified":"2023-01-10T15:51:32","modified_gmt":"2023-01-10T13:51:32","slug":"inclusion-de-cuba-en-lista-de-paises-patrocinadores-de-terrorismo-es-una-decision-letal","status":"publish","type":"post","link":"https:\/\/archive.sana.sy\/es\/?p=258184","title":{"rendered":"Inclusi\u00f3n de Cuba en lista de pa\u00edses patrocinadores de terrorismo es una decisi\u00f3n letal"},"content":{"rendered":"<blockquote>\n<p style=\"text-align: justify;\"><span style=\"color: #800000;\"><strong>Estados Unidos aplica medidas de intimidaci\u00f3n y persecuci\u00f3n contra las empresas suministradoras de combustible a la isla.<\/strong><\/span><\/p>\n<\/blockquote>\n<p style=\"text-align: justify;\"><strong>La Habana, 19 oct (SANA)\u00a0 \u00a0<\/strong> El ministro de Relaciones Exteriores de Cuba, Bruno Rodr\u00edguez, afirm\u00f3 hoy que la inclusi\u00f3n de su pa\u00eds en la lista de pa\u00edses patrocinadores de terrorismo por el gobierno de los Estados Unidos es una decisi\u00f3n letal.<\/p>\n<p style=\"text-align: justify;\">Esa medida se refleja en todos los \u00e1mbitos, afirm\u00f3 el canciller cubano durante la divulgaci\u00f3n a la prensa del Informe de las afectaciones del bloqueo econ\u00f3mico, comercial y financiero que impone Estados Unidos contra Cuba, y que la isla caribe\u00f1a presentar\u00e1 a la Asamblea General de la Organizaci\u00f3n de las Naciones Unidas el pr\u00f3ximo mes de noviembre.<\/p>\n<p style=\"text-align: justify;\">Citado por Prensa Latina, el jefe de la diplomacia cubana manifest\u00f3 que la inclusi\u00f3n de Cuba en esa lista eleva el riesgo pa\u00eds y que los pocos proveedores que han decidido mantener relaciones con Cuba incrementaron los precios, y a la par, Estados Unidos aplica medidas de intimidaci\u00f3n y persecuci\u00f3n contra las empresas suministradoras de combustible.<\/p>\n<p style=\"text-align: justify;\">fm\/sm<\/p>\n","protected":false},"excerpt":{"rendered":"<p>Estados Unidos aplica medidas de intimidaci\u00f3n y persecuci\u00f3n contra las empresas suministradoras de combustible a la isla. La Habana, 19 oct (SANA)\u00a0 \u00a0 El ministro de Relaciones Exteriores de Cuba, Bruno Rodr\u00edguez, afirm\u00f3 hoy que la inclusi\u00f3n de su pa\u00eds en la lista de pa\u00edses patrocinadores de terrorismo por el gobierno de los Estados Unidos &hellip;<\/p>\n","protected":false},"author":39,"featured_media":258188,"comment_status":"closed","ping_status":"closed","sticky":false,"template":"","format":"standard","meta":{"footnotes":""},"categories":[597,456,20724,7541],"tags":[6868,19642],"class_list":["post-258184","post","type-post","status-publish","format-standard","has-post-thumbnail","","category-cinta-de-noticias","category-arabe-internacional-politica","category-minuto-a-minuto","category-ultimas-noticias","tag-cuba","tag-terrorismo"],"_links":{"self":[{"href":"https:\/\/archive.sana.sy\/es\/index.php?rest_route=\/wp\/v2\/posts\/258184"}],"collection":[{"href":"https:\/\/archive.sana.sy\/es\/index.php?rest_route=\/wp\/v2\/posts"}],"about":[{"href":"https:\/\/archive.sana.sy\/es\/index.php?rest_route=\/wp\/v2\/types\/post"}],"author":[{"embeddable":true,"href":"https:\/\/archive.sana.sy\/es\/index.php?rest_route=\/wp\/v2\/users\/39"}],"replies":[{"embeddable":true,"href":"https:\/\/archive.sana.sy\/es\/index.php?rest_route=%2Fwp%2Fv2%2Fcomments&post=258184"}],"version-history":[{"count":0,"href":"https:\/\/archive.sana.sy\/es\/index.php?rest_route=\/wp\/v2\/posts\/258184\/revisions"}],"wp:featuredmedia":[{"embeddable":true,"href":"https:\/\/archive.sana.sy\/es\/index.php?rest_route=\/wp\/v2\/media\/258188"}],"wp:attachment":[{"href":"https:\/\/archive.sana.sy\/es\/index.php?rest_route=%2Fwp%2Fv2%2Fmedia&parent=258184"}],"wp:term":[{"taxonomy":"category","embeddable":true,"href":"https:\/\/archive.sana.sy\/es\/index.php?rest_route=%2Fwp%2Fv2%2Fcategories&post=258184"},{"taxonomy":"post_tag","embeddable":true,"href":"https:\/\/archive.sana.sy\/es\/index.php?rest_route=%2Fwp%2Fv2%2Ftags&post=258184"}],"curies":[{"name":"wp","href":"https:\/\/api.w.org\/{rel}","templated":true}]}}