{"id":258232,"date":"2022-10-20T05:49:17","date_gmt":"2022-10-20T02:49:17","guid":{"rendered":"http:\/\/107.6.182.27\/es\/?p=258232"},"modified":"2023-01-10T15:51:32","modified_gmt":"2023-01-10T13:51:32","slug":"gustavo-petro-eeuu-esta-saqueando-latinoamerica-y-arruinando-a-todas-las-economias-del-mundo","status":"publish","type":"post","link":"https:\/\/archive.sana.sy\/es\/?p=258232","title":{"rendered":"Gustavo Petro: EEUU est\u00e1 saqueando Latinoam\u00e9rica y arruinando a todas las econom\u00edas del mundo&#8221;"},"content":{"rendered":"<blockquote>\n<p style=\"text-align: justify;\"><span style=\"color: #993300;\">&#8220;Ese pa\u00eds que no nos quiere, tendr\u00eda que entender que para frenar ese \u00e9xodo que por aqu\u00ed pasa, hay que lograr m\u00e1s prosperidad en nuestras naciones&#8221;<\/span><\/p>\n<\/blockquote>\n<p style=\"text-align: justify;\"><span style=\"color: #800000;\"><strong>Bogot\u00e1, 20 oct (SANA)<\/strong><\/span> El presidente de Colombia, Gustavo Petro, acus\u00f3 a EE.UU. de arruinar a &#8220;todas las econom\u00edas del mundo&#8221; para protegerse a s\u00ed mismos de una eventual crisis.<\/p>\n<p style=\"text-align: justify;\">&#8220;Los EE.UU. pr\u00e1cticamente est\u00e1n arruinando a todas las econom\u00edas del mundo, y se toman decisiones para protegerse ellos solos, a veces sin pensar en lo que va a ocurrir, se\u00f1al\u00f3 Petro en un discurso p\u00fablico desde la localidad de Urab\u00e1, al noroccidente del Departamento de Antioquia.<\/p>\n<p style=\"text-align: justify;\">Agreg\u00f3 que &#8220;a trav\u00e9s de sus medidas, se est\u00e1 vaciando la econom\u00eda de las naciones latinoamericanas, se est\u00e1 saqueando Latinoam\u00e9rica, nuestras monedas caen todas, no solo el peso colombiano&#8221;.<\/p>\n<p style=\"text-align: justify;\">\nEl mandatario colombiano tambi\u00e9n critic\u00f3 las pol\u00edticas antimigratorias de EE.UU. y argument\u00f3 que si Washington quisiera &#8220;frenar&#8221; el \u00e9xodo de personas que intentar entrar a ese pa\u00eds, lo primero que tendr\u00edan que hacer es ayudar a que haya prosperidad en Latinoam\u00e9rica.<\/p>\n<p style=\"text-align: justify;\">&#8220;Ese pa\u00eds que no nos quiere, tendr\u00eda que entender que para frenar ese \u00e9xodo que por aqu\u00ed pasa, hay que lograr m\u00e1s prosperidad en nuestras naciones&#8221;, se\u00f1al\u00f3 Petro, quien record\u00f3 que mientras hay una &#8220;marejada de gente&#8221; tratando de llegar a EE.UU., desde Washington se han dedicado a poner &#8220;ametralladoras, c\u00e1rceles y muros para que no entren&#8221;.<\/p>\n<p style=\"text-align: justify;\">fm<\/p>\n<p style=\"text-align: justify;\">\n","protected":false},"excerpt":{"rendered":"<p>&#8220;Ese pa\u00eds que no nos quiere, tendr\u00eda que entender que para frenar ese \u00e9xodo que por aqu\u00ed pasa, hay que lograr m\u00e1s prosperidad en nuestras naciones&#8221; Bogot\u00e1, 20 oct (SANA) El presidente de Colombia, Gustavo Petro, acus\u00f3 a EE.UU. de arruinar a &#8220;todas las econom\u00edas del mundo&#8221; para protegerse a s\u00ed mismos de una eventual &hellip;<\/p>\n","protected":false},"author":34,"featured_media":258233,"comment_status":"closed","ping_status":"closed","sticky":false,"template":"","format":"standard","meta":{"footnotes":""},"categories":[597,456,20724,7541],"tags":[],"class_list":["post-258232","post","type-post","status-publish","format-standard","has-post-thumbnail","","category-cinta-de-noticias","category-arabe-internacional-politica","category-minuto-a-minuto","category-ultimas-noticias"],"_links":{"self":[{"href":"https:\/\/archive.sana.sy\/es\/index.php?rest_route=\/wp\/v2\/posts\/258232"}],"collection":[{"href":"https:\/\/archive.sana.sy\/es\/index.php?rest_route=\/wp\/v2\/posts"}],"about":[{"href":"https:\/\/archive.sana.sy\/es\/index.php?rest_route=\/wp\/v2\/types\/post"}],"author":[{"embeddable":true,"href":"https:\/\/archive.sana.sy\/es\/index.php?rest_route=\/wp\/v2\/users\/34"}],"replies":[{"embeddable":true,"href":"https:\/\/archive.sana.sy\/es\/index.php?rest_route=%2Fwp%2Fv2%2Fcomments&post=258232"}],"version-history":[{"count":0,"href":"https:\/\/archive.sana.sy\/es\/index.php?rest_route=\/wp\/v2\/posts\/258232\/revisions"}],"wp:featuredmedia":[{"embeddable":true,"href":"https:\/\/archive.sana.sy\/es\/index.php?rest_route=\/wp\/v2\/media\/258233"}],"wp:attachment":[{"href":"https:\/\/archive.sana.sy\/es\/index.php?rest_route=%2Fwp%2Fv2%2Fmedia&parent=258232"}],"wp:term":[{"taxonomy":"category","embeddable":true,"href":"https:\/\/archive.sana.sy\/es\/index.php?rest_route=%2Fwp%2Fv2%2Fcategories&post=258232"},{"taxonomy":"post_tag","embeddable":true,"href":"https:\/\/archive.sana.sy\/es\/index.php?rest_route=%2Fwp%2Fv2%2Ftags&post=258232"}],"curies":[{"name":"wp","href":"https:\/\/api.w.org\/{rel}","templated":true}]}}