{"id":258331,"date":"2022-10-20T12:15:35","date_gmt":"2022-10-20T09:15:35","guid":{"rendered":"http:\/\/107.6.182.27\/es\/?p=258331"},"modified":"2023-01-10T15:51:31","modified_gmt":"2023-01-10T13:51:31","slug":"fuerzas-rusas-capturan-vivos-a-18-militares-ucranianos-y-eliminan-a-mas-de-200-en-la-region-de-jerson","status":"publish","type":"post","link":"https:\/\/archive.sana.sy\/es\/?p=258331","title":{"rendered":"Fuerzas rusas capturan vivos a 18 militares ucranianos y eliminan a m\u00e1s de 200 en la regi\u00f3n de Jers\u00f3n"},"content":{"rendered":"<p style=\"text-align: justify;\"><span style=\"color: #800000;\"><strong>Mosc\u00fa, 20 oct (SANA)<\/strong><\/span> El Ministerio de Defensa de la Federaci\u00f3n Rusa anunci\u00f3 hoy que las Fuerzas Armadas Rusas continuaron sus ataques con misiles de alta precisi\u00f3n y largo alcance disparados desde el aire y el mar contra blancos de mando militar y del sistema de energ\u00eda de Ucrania.<\/p>\n<p style=\"text-align: justify;\">En la direcci\u00f3n Krasno-Limansky, el fuego concentrado de las tropas rusas frustr\u00f3 intentos de unidades de las Fuerzas Armadas de Ucrania de cruzar el r\u00edo Zherebets, donde el enemigo fue devuelto a sus posiciones originales y sufri\u00f3 m\u00e1s de 40 bajas en sus filas mientras dos veh\u00edculos blindados y tres camionetas fueron destruidos.<\/p>\n<p style=\"text-align: justify;\">El Ministerio confirm\u00f3 eliminaci\u00f3n de m\u00e1s de 200 militares ucranianos y la destrucci\u00f3n de 14 tanques, 16 blindados y 7 veh\u00edculos de combate en un solo d\u00eda fueron destruidos, durante una fallida ofensiva de Kiev en el frente Nikolaev-Krivi Rih.<\/p>\n<p style=\"text-align: justify;\">Este frustrado intento en Jers\u00f3n termin\u00f3 con la captura de al menos 18 militares ucranianos, dos tanques, un veh\u00edculo de combate de infanter\u00eda y una unidad de limpieza de minas UR-77.<\/p>\n<p style=\"text-align: justify;\">Asimismo, un lanzacohetes m\u00faltiple Alder fue destruidos destruido cerca del pueblo de Liptsy, en la regi\u00f3n de J\u00e1rkiv.<\/p>\n<p style=\"text-align: justify;\">Por otro lado, un helic\u00f3ptero Mi-8 y 18 veh\u00edculos a\u00e9reos no tripulados ucranianos fueron derribados por medio de la defensa a\u00e9rea.<\/p>\n<p style=\"text-align: justify;\">fm\/ed<\/p>\n","protected":false},"excerpt":{"rendered":"<p>Mosc\u00fa, 20 oct (SANA) El Ministerio de Defensa de la Federaci\u00f3n Rusa anunci\u00f3 hoy que las Fuerzas Armadas Rusas continuaron sus ataques con misiles de alta precisi\u00f3n y largo alcance disparados desde el aire y el mar contra blancos de mando militar y del sistema de energ\u00eda de Ucrania. En la direcci\u00f3n Krasno-Limansky, el fuego &hellip;<\/p>\n","protected":false},"author":32,"featured_media":258333,"comment_status":"closed","ping_status":"closed","sticky":false,"template":"","format":"standard","meta":{"footnotes":""},"categories":[597,456,20724,583],"tags":[21283,7016],"class_list":["post-258331","post","type-post","status-publish","format-standard","has-post-thumbnail","","category-cinta-de-noticias","category-arabe-internacional-politica","category-minuto-a-minuto","category-slide","tag-jarkiv","tag-moscu"],"_links":{"self":[{"href":"https:\/\/archive.sana.sy\/es\/index.php?rest_route=\/wp\/v2\/posts\/258331"}],"collection":[{"href":"https:\/\/archive.sana.sy\/es\/index.php?rest_route=\/wp\/v2\/posts"}],"about":[{"href":"https:\/\/archive.sana.sy\/es\/index.php?rest_route=\/wp\/v2\/types\/post"}],"author":[{"embeddable":true,"href":"https:\/\/archive.sana.sy\/es\/index.php?rest_route=\/wp\/v2\/users\/32"}],"replies":[{"embeddable":true,"href":"https:\/\/archive.sana.sy\/es\/index.php?rest_route=%2Fwp%2Fv2%2Fcomments&post=258331"}],"version-history":[{"count":0,"href":"https:\/\/archive.sana.sy\/es\/index.php?rest_route=\/wp\/v2\/posts\/258331\/revisions"}],"wp:featuredmedia":[{"embeddable":true,"href":"https:\/\/archive.sana.sy\/es\/index.php?rest_route=\/wp\/v2\/media\/258333"}],"wp:attachment":[{"href":"https:\/\/archive.sana.sy\/es\/index.php?rest_route=%2Fwp%2Fv2%2Fmedia&parent=258331"}],"wp:term":[{"taxonomy":"category","embeddable":true,"href":"https:\/\/archive.sana.sy\/es\/index.php?rest_route=%2Fwp%2Fv2%2Fcategories&post=258331"},{"taxonomy":"post_tag","embeddable":true,"href":"https:\/\/archive.sana.sy\/es\/index.php?rest_route=%2Fwp%2Fv2%2Ftags&post=258331"}],"curies":[{"name":"wp","href":"https:\/\/api.w.org\/{rel}","templated":true}]}}