{"id":258339,"date":"2022-10-20T15:08:16","date_gmt":"2022-10-20T12:08:16","guid":{"rendered":"http:\/\/107.6.182.27\/es\/?p=258339"},"modified":"2023-01-10T15:51:31","modified_gmt":"2023-01-10T13:51:31","slug":"la-primera-ministra-del-reino-unido-renuncia-tras-44-dias-en-el-cargo","status":"publish","type":"post","link":"https:\/\/archive.sana.sy\/es\/?p=258339","title":{"rendered":"La primera ministra del Reino Unido renuncia tras 44 d\u00edas en el cargo"},"content":{"rendered":"<blockquote>\n<p style=\"text-align: justify;\"><span style=\"color: #800000;\"><strong>El Gobierno de Truss ser\u00e1 aparentemente el m\u00e1s corto de la historia del pa\u00eds. Lleva 45 d\u00edas en el cargo y permanecer\u00e1 durante alg\u00fan tiempo hasta que se nombre a un sucesor.<\/strong><\/span><\/p>\n<\/blockquote>\n<p style=\"text-align: justify;\"><strong>Londres, 20 oct (SANA)<\/strong> La primera ministra del Reino Unido, Liz Truss, renunci\u00f3 hoy tras 44 d\u00edas en el cargo.<\/p>\n<p style=\"text-align: justify;\">La pol\u00edtica declar\u00f3 que se mantendr\u00e1 en el cargo hasta que se elija a su sucesor, lo que suceder\u00e1 dentro de una semana.<\/p>\n<p style=\"text-align: justify;\">Truss comunic\u00f3 que la pr\u00f3xima semana se realizar\u00e1 la elecci\u00f3n del nuevo l\u00edder de los conservadores y, en consecuencia, del pa\u00eds.<\/p>\n<p style=\"text-align: justify;\">El Gobierno de Truss ser\u00e1 aparentemente el m\u00e1s corto de la historia del pa\u00eds. Lleva 45 d\u00edas en el cargo y permanecer\u00e1 durante alg\u00fan tiempo hasta que se nombre a un sucesor.<\/p>\n<p style=\"text-align: justify;\">fm\/sm<\/p>\n","protected":false},"excerpt":{"rendered":"<p>El Gobierno de Truss ser\u00e1 aparentemente el m\u00e1s corto de la historia del pa\u00eds. Lleva 45 d\u00edas en el cargo y permanecer\u00e1 durante alg\u00fan tiempo hasta que se nombre a un sucesor. Londres, 20 oct (SANA) La primera ministra del Reino Unido, Liz Truss, renunci\u00f3 hoy tras 44 d\u00edas en el cargo. La pol\u00edtica declar\u00f3 &hellip;<\/p>\n","protected":false},"author":39,"featured_media":258342,"comment_status":"closed","ping_status":"closed","sticky":false,"template":"","format":"standard","meta":{"footnotes":""},"categories":[597,456,20724,7541],"tags":[21286,21284,20734,21285],"class_list":["post-258339","post","type-post","status-publish","format-standard","has-post-thumbnail","","category-cinta-de-noticias","category-arabe-internacional-politica","category-minuto-a-minuto","category-ultimas-noticias","tag-cargo","tag-primera-ministra","tag-reino-unido","tag-renuncia"],"_links":{"self":[{"href":"https:\/\/archive.sana.sy\/es\/index.php?rest_route=\/wp\/v2\/posts\/258339"}],"collection":[{"href":"https:\/\/archive.sana.sy\/es\/index.php?rest_route=\/wp\/v2\/posts"}],"about":[{"href":"https:\/\/archive.sana.sy\/es\/index.php?rest_route=\/wp\/v2\/types\/post"}],"author":[{"embeddable":true,"href":"https:\/\/archive.sana.sy\/es\/index.php?rest_route=\/wp\/v2\/users\/39"}],"replies":[{"embeddable":true,"href":"https:\/\/archive.sana.sy\/es\/index.php?rest_route=%2Fwp%2Fv2%2Fcomments&post=258339"}],"version-history":[{"count":0,"href":"https:\/\/archive.sana.sy\/es\/index.php?rest_route=\/wp\/v2\/posts\/258339\/revisions"}],"wp:featuredmedia":[{"embeddable":true,"href":"https:\/\/archive.sana.sy\/es\/index.php?rest_route=\/wp\/v2\/media\/258342"}],"wp:attachment":[{"href":"https:\/\/archive.sana.sy\/es\/index.php?rest_route=%2Fwp%2Fv2%2Fmedia&parent=258339"}],"wp:term":[{"taxonomy":"category","embeddable":true,"href":"https:\/\/archive.sana.sy\/es\/index.php?rest_route=%2Fwp%2Fv2%2Fcategories&post=258339"},{"taxonomy":"post_tag","embeddable":true,"href":"https:\/\/archive.sana.sy\/es\/index.php?rest_route=%2Fwp%2Fv2%2Ftags&post=258339"}],"curies":[{"name":"wp","href":"https:\/\/api.w.org\/{rel}","templated":true}]}}