{"id":25844,"date":"2015-06-30T20:34:14","date_gmt":"2015-06-30T17:34:14","guid":{"rendered":"http:\/\/sana.sy\/es\/?p=25844"},"modified":"2023-01-09T14:10:01","modified_gmt":"2023-01-09T12:10:01","slug":"22-heridos-en-un-ataque-terrorista-con-morteros-en-la-zona-de-harasta","status":"publish","type":"post","link":"https:\/\/archive.sana.sy\/es\/?p=25844","title":{"rendered":"22 heridos en un ataque terrorista con morteros en la zona de Harasta"},"content":{"rendered":"<p><span style=\"color: #800000\">Damasco-SANA<\/span><\/p>\n<p style=\"text-align: justify\">22 civiles resultaron heridos el martes cuando los terroristas dispararon proyectiles de mortero contra dos autobuses que transportaban empleados del Hospital al-Bairouni, mientras que los buses pasaban por el barrio residencial de Harasta en la capital Damasco.<\/p>\n<p style=\"text-align: justify\">Una fuente del Comando de la Polic\u00eda le inform\u00f3 a SANA que los terroristas dispararon dos proyectiles de mortero que contra los autobuses, hiriendo a 22 personas y causando grandes da\u00f1os materiales.<\/p>\n<p style=\"text-align: justify\">La fuente agreg\u00f3 que los terroristas tambi\u00e9n dispararon seis obuses de mortero contra suburbio de Harasta, causando da\u00f1os materiales.<\/p>\n<p>M.Miri<\/p>\n","protected":false},"excerpt":{"rendered":"<p>Damasco-SANA 22 civiles resultaron heridos el martes cuando los terroristas dispararon proyectiles de mortero contra dos autobuses que transportaban empleados del Hospital al-Bairouni, mientras que los buses pasaban por el barrio residencial de Harasta en la capital Damasco. Una fuente del Comando de la Polic\u00eda le inform\u00f3 a SANA que los terroristas dispararon dos proyectiles &hellip;<\/p>\n","protected":false},"author":1,"featured_media":5384,"comment_status":"closed","ping_status":"closed","sticky":false,"template":"","format":"standard","meta":{"footnotes":""},"categories":[477,573,476],"tags":[5791],"class_list":["post-25844","post","type-post","status-publish","format-standard","has-post-thumbnail","","category-noticias-edulcorantes","category-la-realidad-de-los-acontecimientos-en-siria","category-locales","tag-22-heridos-en-un-ataque-terrorista-con-morteros-en-la-zona-de-harasta"],"_links":{"self":[{"href":"https:\/\/archive.sana.sy\/es\/index.php?rest_route=\/wp\/v2\/posts\/25844"}],"collection":[{"href":"https:\/\/archive.sana.sy\/es\/index.php?rest_route=\/wp\/v2\/posts"}],"about":[{"href":"https:\/\/archive.sana.sy\/es\/index.php?rest_route=\/wp\/v2\/types\/post"}],"author":[{"embeddable":true,"href":"https:\/\/archive.sana.sy\/es\/index.php?rest_route=\/wp\/v2\/users\/1"}],"replies":[{"embeddable":true,"href":"https:\/\/archive.sana.sy\/es\/index.php?rest_route=%2Fwp%2Fv2%2Fcomments&post=25844"}],"version-history":[{"count":0,"href":"https:\/\/archive.sana.sy\/es\/index.php?rest_route=\/wp\/v2\/posts\/25844\/revisions"}],"wp:featuredmedia":[{"embeddable":true,"href":"https:\/\/archive.sana.sy\/es\/index.php?rest_route=\/wp\/v2\/media\/5384"}],"wp:attachment":[{"href":"https:\/\/archive.sana.sy\/es\/index.php?rest_route=%2Fwp%2Fv2%2Fmedia&parent=25844"}],"wp:term":[{"taxonomy":"category","embeddable":true,"href":"https:\/\/archive.sana.sy\/es\/index.php?rest_route=%2Fwp%2Fv2%2Fcategories&post=25844"},{"taxonomy":"post_tag","embeddable":true,"href":"https:\/\/archive.sana.sy\/es\/index.php?rest_route=%2Fwp%2Fv2%2Ftags&post=25844"}],"curies":[{"name":"wp","href":"https:\/\/api.w.org\/{rel}","templated":true}]}}