{"id":258487,"date":"2022-10-21T13:23:00","date_gmt":"2022-10-21T10:23:00","guid":{"rendered":"http:\/\/107.6.182.27\/es\/?p=258487"},"modified":"2023-01-10T15:51:28","modified_gmt":"2023-01-10T13:51:28","slug":"el-apoyo-militar-occidental-a-ucrania-agudiza-su-crisis-afirma-ex-primer-ministro-italiano","status":"publish","type":"post","link":"https:\/\/archive.sana.sy\/es\/?p=258487","title":{"rendered":"El apoyo militar occidental a Ucrania agudiza su crisis, afirma ex primer ministro italiano"},"content":{"rendered":"<p style=\"text-align: justify;\"><span style=\"color: #800000;\"><strong>Roma, 21 oct (SANA)\u00a0 <\/strong><\/span>\u00a0El ex primer ministro italiano, Giuseppe Conte, dijo que &#8220;la estrategia de ayuda militar occidental a Ucrania contribuy\u00f3 a agudizar el conflicto en este pa\u00eds&#8221;.<\/p>\n<p style=\"text-align: justify;\">\u201cHan pasado m\u00e1s de 200 d\u00edas desde la estrategia de apoyo militar a Ucrania, que solo ha llevado a una escalada militar que nos expone al riesgo de un conflicto nuclear y a una crisis econ\u00f3mica desenfrenada\u201d, dijo Conte, en una rueda de prensa, seg\u00fan el sitio web Russia Today.<\/p>\n<p style=\"text-align: justify;\">Se\u00f1al\u00f3 que Estados Unidos contin\u00faa proporcionando a los ucranianos arsenales de armas, en vez de trabajar para llegar a negociaciones de paz entre Mosc\u00fa y Kiev.<\/p>\n<p style=\"text-align: justify;\">sm<\/p>\n","protected":false},"excerpt":{"rendered":"<p>Roma, 21 oct (SANA)\u00a0 \u00a0El ex primer ministro italiano, Giuseppe Conte, dijo que &#8220;la estrategia de ayuda militar occidental a Ucrania contribuy\u00f3 a agudizar el conflicto en este pa\u00eds&#8221;. \u201cHan pasado m\u00e1s de 200 d\u00edas desde la estrategia de apoyo militar a Ucrania, que solo ha llevado a una escalada militar que nos expone al &hellip;<\/p>\n","protected":false},"author":39,"featured_media":258488,"comment_status":"closed","ping_status":"closed","sticky":false,"template":"","format":"standard","meta":{"footnotes":""},"categories":[597,456,20724,7541],"tags":[21291,20357],"class_list":["post-258487","post","type-post","status-publish","format-standard","has-post-thumbnail","","category-cinta-de-noticias","category-arabe-internacional-politica","category-minuto-a-minuto","category-ultimas-noticias","tag-apoyo-militar-occidental","tag-ucrania"],"_links":{"self":[{"href":"https:\/\/archive.sana.sy\/es\/index.php?rest_route=\/wp\/v2\/posts\/258487"}],"collection":[{"href":"https:\/\/archive.sana.sy\/es\/index.php?rest_route=\/wp\/v2\/posts"}],"about":[{"href":"https:\/\/archive.sana.sy\/es\/index.php?rest_route=\/wp\/v2\/types\/post"}],"author":[{"embeddable":true,"href":"https:\/\/archive.sana.sy\/es\/index.php?rest_route=\/wp\/v2\/users\/39"}],"replies":[{"embeddable":true,"href":"https:\/\/archive.sana.sy\/es\/index.php?rest_route=%2Fwp%2Fv2%2Fcomments&post=258487"}],"version-history":[{"count":0,"href":"https:\/\/archive.sana.sy\/es\/index.php?rest_route=\/wp\/v2\/posts\/258487\/revisions"}],"wp:featuredmedia":[{"embeddable":true,"href":"https:\/\/archive.sana.sy\/es\/index.php?rest_route=\/wp\/v2\/media\/258488"}],"wp:attachment":[{"href":"https:\/\/archive.sana.sy\/es\/index.php?rest_route=%2Fwp%2Fv2%2Fmedia&parent=258487"}],"wp:term":[{"taxonomy":"category","embeddable":true,"href":"https:\/\/archive.sana.sy\/es\/index.php?rest_route=%2Fwp%2Fv2%2Fcategories&post=258487"},{"taxonomy":"post_tag","embeddable":true,"href":"https:\/\/archive.sana.sy\/es\/index.php?rest_route=%2Fwp%2Fv2%2Ftags&post=258487"}],"curies":[{"name":"wp","href":"https:\/\/api.w.org\/{rel}","templated":true}]}}