{"id":25850,"date":"2015-06-30T21:21:39","date_gmt":"2015-06-30T18:21:39","guid":{"rendered":"http:\/\/sana.sy\/es\/?p=25850"},"modified":"2015-06-30T21:21:39","modified_gmt":"2015-06-30T18:21:39","slug":"unesco-compara-la-destruccion-de-patrimonio-en-siria-e-irak-con-crimenes-de-guerra","status":"publish","type":"post","link":"https:\/\/archive.sana.sy\/es\/?p=25850","title":{"rendered":"Unesco compara la destrucci\u00f3n de patrimonio en Siria e Irak con &#8220;cr\u00edmenes de guerra&#8221;"},"content":{"rendered":"<p><span style=\"color: #800000\">Bonn-SANA<\/span><\/p>\n<p style=\"text-align: justify\">La Organizaci\u00f3n de las Naciones Unidas para la Educaci\u00f3n, la Ciencia y la Cultura ( Unesco) denunci\u00f3 este lunes en una resoluci\u00f3n adoptada en Bonn los &#8220;ataques b\u00e1rbaros&#8221; perpetrados por los yihadistas del grupo Estado Isl\u00e1mico (EI) contra sitios arqueol\u00f3gicos en Siria e Iraq, compar\u00e1ndolos con &#8220;cr\u00edmenes de guerra&#8221;.<\/p>\n<p style=\"text-align: justify\">El texto, adoptado en la 39 sesi\u00f3n del Comit\u00e9 de Patrimonio Mundial de la Unesco inaugurada el domingo, condena &#8220;los ataques b\u00e1rbaros, la violencia y los cr\u00edmenes perpetrados por el EI&#8221;, que multiplica las exacciones contra los sitios arqueol\u00f3gicos, religiosos o hist\u00f3ricos situados bajo su &#8220;califato&#8221;, a caballo entre Siria e Irak.<\/p>\n<p style=\"text-align: justify\">&#8220;Los ataques intencionados contra edificios consagrados a la religi\u00f3n, la ense\u00f1anza, el arte , la ciencia o la acci\u00f3n caritativa y contra monumentos hist\u00f3ricos pueden constituir cr\u00edmenes de guerra&#8221;, afirm\u00f3 la agencia cultural de la ONU en su resoluci\u00f3n.<\/p>\n<p style=\"text-align: justify\">El texto menciona la &#8220;profunda preocupaci\u00f3n&#8221; de la Unesco &#8220;por el sitio del patrimonio mundial&#8221; de la ciudad antigua de Palmira (centro de Siria), conquistada a finales de mayo por el EI que desde entonces la ha minado, haciendo temer un desastre en ese lugar.<\/p>\n<p style=\"text-align: justify\">&#8220;Tesoros culturales irreemplazables&#8221; tambi\u00e9n est\u00e1n amenazados por &#8220;excavaciones il\u00edcitas, casos de pillaje y de tr\u00e1fico organizado de objetos culturales&#8221; en Afganist\u00e1n, Irak, Libia, Mal\u00ed, Siria y Yemen, advierte la resoluci\u00f3n.<\/p>\n<p style=\"text-align: justify\">La Unesco abri\u00f3 el domingo en Bonn la 39 sesi\u00f3n de su comit\u00e9 de patrimonio mundial para examinar, hasta el 8 de julio, una treintena de candidaturas a la inscripci\u00f3n en la lista de Patrimonio mundial de la humanidad.<\/p>\n<p style=\"text-align: justify\">El domingo, la directora general de la Unesco, Irina Bokova, ya denunci\u00f3 la destrucci\u00f3n de tesoros arqueol\u00f3gicos y culturales a manos del EI.<\/p>\n<p style=\"text-align: justify\">Al margen de sus trabajos, la agencia deb\u00eda lanzar el lunes una campa\u00f1a a favor del patrimonio amenazado por los extremistas, titulada (&#8220;Unidos por el patrimonio&#8221;).<\/p>\n<p style=\"text-align: justify\">\nM.Miri<\/p>\n","protected":false},"excerpt":{"rendered":"<p>Bonn-SANA La Organizaci\u00f3n de las Naciones Unidas para la Educaci\u00f3n, la Ciencia y la Cultura ( Unesco) denunci\u00f3 este lunes en una resoluci\u00f3n adoptada en Bonn los &#8220;ataques b\u00e1rbaros&#8221; perpetrados por los yihadistas del grupo Estado Isl\u00e1mico (EI) contra sitios arqueol\u00f3gicos en Siria e Iraq, compar\u00e1ndolos con &#8220;cr\u00edmenes de guerra&#8221;. El texto, adoptado en la &hellip;<\/p>\n","protected":false},"author":1,"featured_media":25851,"comment_status":"closed","ping_status":"closed","sticky":false,"template":"","format":"standard","meta":{"footnotes":""},"categories":[456,457,576],"tags":[5793],"class_list":["post-25850","post","type-post","status-publish","format-standard","has-post-thumbnail","","category-arabe-internacional-politica","category-noticias-arabe-internacional-politica","category-noticias-politicas","tag-unesco-compara-la-destruccion-de-patrimonio-en-siria-e-irak-con-crimenes-de-guerra"],"_links":{"self":[{"href":"https:\/\/archive.sana.sy\/es\/index.php?rest_route=\/wp\/v2\/posts\/25850"}],"collection":[{"href":"https:\/\/archive.sana.sy\/es\/index.php?rest_route=\/wp\/v2\/posts"}],"about":[{"href":"https:\/\/archive.sana.sy\/es\/index.php?rest_route=\/wp\/v2\/types\/post"}],"author":[{"embeddable":true,"href":"https:\/\/archive.sana.sy\/es\/index.php?rest_route=\/wp\/v2\/users\/1"}],"replies":[{"embeddable":true,"href":"https:\/\/archive.sana.sy\/es\/index.php?rest_route=%2Fwp%2Fv2%2Fcomments&post=25850"}],"version-history":[{"count":0,"href":"https:\/\/archive.sana.sy\/es\/index.php?rest_route=\/wp\/v2\/posts\/25850\/revisions"}],"wp:featuredmedia":[{"embeddable":true,"href":"https:\/\/archive.sana.sy\/es\/index.php?rest_route=\/wp\/v2\/media\/25851"}],"wp:attachment":[{"href":"https:\/\/archive.sana.sy\/es\/index.php?rest_route=%2Fwp%2Fv2%2Fmedia&parent=25850"}],"wp:term":[{"taxonomy":"category","embeddable":true,"href":"https:\/\/archive.sana.sy\/es\/index.php?rest_route=%2Fwp%2Fv2%2Fcategories&post=25850"},{"taxonomy":"post_tag","embeddable":true,"href":"https:\/\/archive.sana.sy\/es\/index.php?rest_route=%2Fwp%2Fv2%2Ftags&post=25850"}],"curies":[{"name":"wp","href":"https:\/\/api.w.org\/{rel}","templated":true}]}}