{"id":258520,"date":"2022-10-21T16:51:13","date_gmt":"2022-10-21T13:51:13","guid":{"rendered":"http:\/\/107.6.182.27\/es\/?p=258520"},"modified":"2023-01-10T15:51:28","modified_gmt":"2023-01-10T13:51:28","slug":"shoigu-y-austin-sostienen-conversacion-sobre-temas-de-seguridad-internacional","status":"publish","type":"post","link":"https:\/\/archive.sana.sy\/es\/?p=258520","title":{"rendered":"Shoig\u00fa y Austin sostienen conversaci\u00f3n sobre temas de seguridad internacional"},"content":{"rendered":"<p style=\"text-align: justify;\"><span style=\"color: #800000;\"><strong>Mosc\u00fa, 21 oct (SANA)\u00a0<\/strong> <\/span>\u00a0El ministro de Defensa de Rusia, Sergu\u00e9i Shoig\u00fa, y el secretario de Defensa de EE.UU., Lloyd Austin, sostuvieron una conversaci\u00f3n telef\u00f3nica, mediante el cual Shoig\u00fa inform\u00f3 que se discutieron temas de seguridad internacional, incluida la situaci\u00f3n en Ucrania.<\/p>\n<p style=\"text-align: justify;\">El Pent\u00e1gono comunic\u00f3 que &#8220;el secretario Austin enfatiz\u00f3 la importancia de mantener l\u00edneas de comunicaci\u00f3n&#8221; en medio del conflicto entre Mosc\u00fa y Kiev.<\/p>\n<p style=\"text-align: justify;\">Se trata del segundo contacto entre Shoig\u00fa y Austin desde el inicio de la operaci\u00f3n militar.<\/p>\n<p style=\"text-align: justify;\">fm\/sm<\/p>\n","protected":false},"excerpt":{"rendered":"<p>Mosc\u00fa, 21 oct (SANA)\u00a0 \u00a0El ministro de Defensa de Rusia, Sergu\u00e9i Shoig\u00fa, y el secretario de Defensa de EE.UU., Lloyd Austin, sostuvieron una conversaci\u00f3n telef\u00f3nica, mediante el cual Shoig\u00fa inform\u00f3 que se discutieron temas de seguridad internacional, incluida la situaci\u00f3n en Ucrania. El Pent\u00e1gono comunic\u00f3 que &#8220;el secretario Austin enfatiz\u00f3 la importancia de mantener l\u00edneas &hellip;<\/p>\n","protected":false},"author":39,"featured_media":258521,"comment_status":"closed","ping_status":"closed","sticky":false,"template":"","format":"standard","meta":{"footnotes":""},"categories":[597,456,20724],"tags":[21298,21299,20964],"class_list":["post-258520","post","type-post","status-publish","format-standard","has-post-thumbnail","","category-cinta-de-noticias","category-arabe-internacional-politica","category-minuto-a-minuto","tag-austin","tag-seguridad-internacional","tag-shoigu"],"_links":{"self":[{"href":"https:\/\/archive.sana.sy\/es\/index.php?rest_route=\/wp\/v2\/posts\/258520"}],"collection":[{"href":"https:\/\/archive.sana.sy\/es\/index.php?rest_route=\/wp\/v2\/posts"}],"about":[{"href":"https:\/\/archive.sana.sy\/es\/index.php?rest_route=\/wp\/v2\/types\/post"}],"author":[{"embeddable":true,"href":"https:\/\/archive.sana.sy\/es\/index.php?rest_route=\/wp\/v2\/users\/39"}],"replies":[{"embeddable":true,"href":"https:\/\/archive.sana.sy\/es\/index.php?rest_route=%2Fwp%2Fv2%2Fcomments&post=258520"}],"version-history":[{"count":0,"href":"https:\/\/archive.sana.sy\/es\/index.php?rest_route=\/wp\/v2\/posts\/258520\/revisions"}],"wp:featuredmedia":[{"embeddable":true,"href":"https:\/\/archive.sana.sy\/es\/index.php?rest_route=\/wp\/v2\/media\/258521"}],"wp:attachment":[{"href":"https:\/\/archive.sana.sy\/es\/index.php?rest_route=%2Fwp%2Fv2%2Fmedia&parent=258520"}],"wp:term":[{"taxonomy":"category","embeddable":true,"href":"https:\/\/archive.sana.sy\/es\/index.php?rest_route=%2Fwp%2Fv2%2Fcategories&post=258520"},{"taxonomy":"post_tag","embeddable":true,"href":"https:\/\/archive.sana.sy\/es\/index.php?rest_route=%2Fwp%2Fv2%2Ftags&post=258520"}],"curies":[{"name":"wp","href":"https:\/\/api.w.org\/{rel}","templated":true}]}}