{"id":25853,"date":"2015-06-30T21:37:29","date_gmt":"2015-06-30T18:37:29","guid":{"rendered":"http:\/\/sana.sy\/es\/?p=25853"},"modified":"2015-06-30T21:37:29","modified_gmt":"2015-06-30T18:37:29","slug":"los-yemenies-frustran-ataque-de-al-qaeda-contra-el-aeropuerto-de-aden","status":"publish","type":"post","link":"https:\/\/archive.sana.sy\/es\/?p=25853","title":{"rendered":"Los yemen\u00edes frustran ataque de Al-Qaeda contra el Aeropuerto de Ad\u00e9n"},"content":{"rendered":"<p><span style=\"color: #800000\">San\u00e1-SANA<\/span><\/p>\n<p style=\"text-align: justify\">El tercer intento de Al-Qaeda y mercenarios de Arabia Saud\u00ed para hacerse con el control del Aeropuerto de Ad\u00e9n ha sido frustrado a manos de las fuerzas populares yemen\u00edes.<\/p>\n<p style=\"text-align: justify\">Fuentes locales yemen\u00edes han informado este martes que decenas de terroristas del grupo Al-Qaeda y mercenarios apoyados por Arabia Saud\u00ed atacaron por tercera vez en dos semanas, las zonas colindantes del Aeropuerto Internacional de Ad\u00e9n y fueron derrotados por la fuerte resistencia de fuerzas populares.<\/p>\n<p style=\"text-align: justify\">Durante los choques, las fuerzas populares yemen\u00edes acabaron con un gran n\u00famero de armados, adem\u00e1s de causarles grandes bajas materiales, de manera que los restantes se vieron obligados a huir.<\/p>\n<p>M.Miri<\/p>\n","protected":false},"excerpt":{"rendered":"<p>San\u00e1-SANA El tercer intento de Al-Qaeda y mercenarios de Arabia Saud\u00ed para hacerse con el control del Aeropuerto de Ad\u00e9n ha sido frustrado a manos de las fuerzas populares yemen\u00edes. Fuentes locales yemen\u00edes han informado este martes que decenas de terroristas del grupo Al-Qaeda y mercenarios apoyados por Arabia Saud\u00ed atacaron por tercera vez en &hellip;<\/p>\n","protected":false},"author":1,"featured_media":22309,"comment_status":"closed","ping_status":"closed","sticky":false,"template":"","format":"standard","meta":{"footnotes":""},"categories":[456,457,576],"tags":[5794],"class_list":["post-25853","post","type-post","status-publish","format-standard","has-post-thumbnail","","category-arabe-internacional-politica","category-noticias-arabe-internacional-politica","category-noticias-politicas","tag-los-yemenies-frustran-ataque-de-al-qaeda-contra-el-aeropuerto-de-aden"],"_links":{"self":[{"href":"https:\/\/archive.sana.sy\/es\/index.php?rest_route=\/wp\/v2\/posts\/25853"}],"collection":[{"href":"https:\/\/archive.sana.sy\/es\/index.php?rest_route=\/wp\/v2\/posts"}],"about":[{"href":"https:\/\/archive.sana.sy\/es\/index.php?rest_route=\/wp\/v2\/types\/post"}],"author":[{"embeddable":true,"href":"https:\/\/archive.sana.sy\/es\/index.php?rest_route=\/wp\/v2\/users\/1"}],"replies":[{"embeddable":true,"href":"https:\/\/archive.sana.sy\/es\/index.php?rest_route=%2Fwp%2Fv2%2Fcomments&post=25853"}],"version-history":[{"count":0,"href":"https:\/\/archive.sana.sy\/es\/index.php?rest_route=\/wp\/v2\/posts\/25853\/revisions"}],"wp:featuredmedia":[{"embeddable":true,"href":"https:\/\/archive.sana.sy\/es\/index.php?rest_route=\/wp\/v2\/media\/22309"}],"wp:attachment":[{"href":"https:\/\/archive.sana.sy\/es\/index.php?rest_route=%2Fwp%2Fv2%2Fmedia&parent=25853"}],"wp:term":[{"taxonomy":"category","embeddable":true,"href":"https:\/\/archive.sana.sy\/es\/index.php?rest_route=%2Fwp%2Fv2%2Fcategories&post=25853"},{"taxonomy":"post_tag","embeddable":true,"href":"https:\/\/archive.sana.sy\/es\/index.php?rest_route=%2Fwp%2Fv2%2Ftags&post=25853"}],"curies":[{"name":"wp","href":"https:\/\/api.w.org\/{rel}","templated":true}]}}