{"id":25864,"date":"2015-06-30T21:59:36","date_gmt":"2015-06-30T18:59:36","guid":{"rendered":"http:\/\/sana.sy\/es\/?p=25864"},"modified":"2015-06-30T21:59:36","modified_gmt":"2015-06-30T18:59:36","slug":"el-embajador-sirio-en-el-libano-examina-con-qabalan-la-situacion-en-siria","status":"publish","type":"post","link":"https:\/\/archive.sana.sy\/es\/?p=25864","title":{"rendered":"El embajador sirio en el L\u00edbano examina con Qabalan la situaci\u00f3n en Siria"},"content":{"rendered":"<p><span style=\"color: #800000\">Beirut-SANA<\/span><\/p>\n<p style=\"text-align: justify\">El embajador de Siria en el L\u00edbano Ali Abdul-Karim, discuti\u00f3 el martes con el vicepresidente del Consejo Supremo Isl\u00e1mico chi\u00ed, el jeque Abdul Amir Qabalan, la situaci\u00f3n en Siria y la regi\u00f3n.<\/p>\n<p style=\"text-align: justify\">Abdul-Karim dijo que todos los pa\u00edses comenzaron a sentir el peligro y las repercusiones del terrorismo, especialmente aquellos que han dado financiaci\u00f3n y apoyo a los grupos terroristas.<\/p>\n<p style=\"text-align: justify\">El titular sirio a\u00f1adi\u00f3 que Siria ser\u00e1 m\u00e1s inmune al terrorismo en el futuro y la situaci\u00f3n en el L\u00edbano estar\u00e1 bien, destacando que la integraci\u00f3n entre Siria y el L\u00edbano es un tema de inter\u00e9s mutuo y que satisfar\u00e1 las necesidades de los dos pueblos amigos.<\/p>\n<p>M.Miri, Riad.Sh<\/p>\n","protected":false},"excerpt":{"rendered":"<p>Beirut-SANA El embajador de Siria en el L\u00edbano Ali Abdul-Karim, discuti\u00f3 el martes con el vicepresidente del Consejo Supremo Isl\u00e1mico chi\u00ed, el jeque Abdul Amir Qabalan, la situaci\u00f3n en Siria y la regi\u00f3n. Abdul-Karim dijo que todos los pa\u00edses comenzaron a sentir el peligro y las repercusiones del terrorismo, especialmente aquellos que han dado financiaci\u00f3n &hellip;<\/p>\n","protected":false},"author":1,"featured_media":25865,"comment_status":"closed","ping_status":"closed","sticky":false,"template":"","format":"standard","meta":{"footnotes":""},"categories":[1],"tags":[5798],"class_list":["post-25864","post","type-post","status-publish","format-standard","has-post-thumbnail","","category-news-not-sorted","tag-el-embajador-sirio-en-el-libano-examina-con-qabalan-la-situacion-en-siria"],"_links":{"self":[{"href":"https:\/\/archive.sana.sy\/es\/index.php?rest_route=\/wp\/v2\/posts\/25864"}],"collection":[{"href":"https:\/\/archive.sana.sy\/es\/index.php?rest_route=\/wp\/v2\/posts"}],"about":[{"href":"https:\/\/archive.sana.sy\/es\/index.php?rest_route=\/wp\/v2\/types\/post"}],"author":[{"embeddable":true,"href":"https:\/\/archive.sana.sy\/es\/index.php?rest_route=\/wp\/v2\/users\/1"}],"replies":[{"embeddable":true,"href":"https:\/\/archive.sana.sy\/es\/index.php?rest_route=%2Fwp%2Fv2%2Fcomments&post=25864"}],"version-history":[{"count":0,"href":"https:\/\/archive.sana.sy\/es\/index.php?rest_route=\/wp\/v2\/posts\/25864\/revisions"}],"wp:featuredmedia":[{"embeddable":true,"href":"https:\/\/archive.sana.sy\/es\/index.php?rest_route=\/wp\/v2\/media\/25865"}],"wp:attachment":[{"href":"https:\/\/archive.sana.sy\/es\/index.php?rest_route=%2Fwp%2Fv2%2Fmedia&parent=25864"}],"wp:term":[{"taxonomy":"category","embeddable":true,"href":"https:\/\/archive.sana.sy\/es\/index.php?rest_route=%2Fwp%2Fv2%2Fcategories&post=25864"},{"taxonomy":"post_tag","embeddable":true,"href":"https:\/\/archive.sana.sy\/es\/index.php?rest_route=%2Fwp%2Fv2%2Ftags&post=25864"}],"curies":[{"name":"wp","href":"https:\/\/api.w.org\/{rel}","templated":true}]}}