{"id":258658,"date":"2022-10-22T13:38:19","date_gmt":"2022-10-22T10:38:19","guid":{"rendered":"http:\/\/107.6.182.27\/es\/?p=258658"},"modified":"2023-01-10T15:12:16","modified_gmt":"2023-01-10T13:12:16","slug":"conversaciones-sirio-indonesias-para-fortalecer-cooperacion-en-el-campo-del-intercambio-comercial","status":"publish","type":"post","link":"https:\/\/archive.sana.sy\/es\/?p=258658","title":{"rendered":"Conversaciones sirio-indonesias para fortalecer cooperaci\u00f3n en el campo del intercambio comercial"},"content":{"rendered":"<p style=\"text-align: justify;\"><span style=\"color: #800000;\"><strong>Yakarta, 22 oct (SANA)\u00a0<\/strong> <\/span>Las partes siria e indonesia acordaron, durante una reuni\u00f3n celebrada en Yakarta, activar el memorando de cooperaci\u00f3n firmado entre la C\u00e1mara de Comercio de Siria y la de Indonesia en 2018.<\/p>\n<p style=\"text-align: justify;\">Adem\u00e1s, ambas partes discutieron la posibilidad de formar un Consejo de Empresarios Conjunto en los dos pa\u00edses y las formas y v\u00edas de llevar a la pr\u00e1ctica los resultados de esta reuni\u00f3n.<\/p>\n<p style=\"text-align: justify;\">Durante la reuni\u00f3n, ambas partes examinaron la relaci\u00f3n entre Siria e Indonesia en los campos comercial y econ\u00f3mico, y las formas de aumentar los intercambios comerciales entre los dos pa\u00edses.<\/p>\n<p style=\"text-align: justify;\">El Encargado de Negocios de Siria en Yakarta, Abdel Moneim Annan, afirm\u00f3 que su pa\u00eds se est\u00e1 recuperando despu\u00e9s de derrotar al terrorismo y est\u00e1 trabajando para restaurar la producci\u00f3n, reactivar la econom\u00eda y reconstruir, indicando que esto brinda amplias oportunidades para que los sectores productivos y empresariales de Indonesia ingresen al mercado sirio e inviertan.<\/p>\n<p style=\"text-align: justify;\">A su vez, la parte indonesia expres\u00f3 su satisfacci\u00f3n y aprecio por esta reuni\u00f3n, expres\u00f3 su disposici\u00f3n a discutir m\u00e1s detalladamente con la parte siria la exportaci\u00f3n e importaci\u00f3n de productos que tengan una amplia gama de consumidores en los dos pa\u00edses.<\/p>\n<p style=\"text-align: justify;\">sm<\/p>\n","protected":false},"excerpt":{"rendered":"<p>Yakarta, 22 oct (SANA)\u00a0 Las partes siria e indonesia acordaron, durante una reuni\u00f3n celebrada en Yakarta, activar el memorando de cooperaci\u00f3n firmado entre la C\u00e1mara de Comercio de Siria y la de Indonesia en 2018. Adem\u00e1s, ambas partes discutieron la posibilidad de formar un Consejo de Empresarios Conjunto en los dos pa\u00edses y las formas &hellip;<\/p>\n","protected":false},"author":39,"featured_media":258659,"comment_status":"closed","ping_status":"closed","sticky":false,"template":"","format":"standard","meta":{"footnotes":""},"categories":[597,16686,485,467,7541],"tags":[20089,20382,20503],"class_list":["post-258658","post","type-post","status-publish","format-standard","has-post-thumbnail","","category-cinta-de-noticias","category-economia","category-informes-negocios-y-finanzas","category-siria-y-el-mundo","category-ultimas-noticias","tag-conversaciones","tag-intercambio-comercial","tag-sirio-indonesias"],"_links":{"self":[{"href":"https:\/\/archive.sana.sy\/es\/index.php?rest_route=\/wp\/v2\/posts\/258658"}],"collection":[{"href":"https:\/\/archive.sana.sy\/es\/index.php?rest_route=\/wp\/v2\/posts"}],"about":[{"href":"https:\/\/archive.sana.sy\/es\/index.php?rest_route=\/wp\/v2\/types\/post"}],"author":[{"embeddable":true,"href":"https:\/\/archive.sana.sy\/es\/index.php?rest_route=\/wp\/v2\/users\/39"}],"replies":[{"embeddable":true,"href":"https:\/\/archive.sana.sy\/es\/index.php?rest_route=%2Fwp%2Fv2%2Fcomments&post=258658"}],"version-history":[{"count":0,"href":"https:\/\/archive.sana.sy\/es\/index.php?rest_route=\/wp\/v2\/posts\/258658\/revisions"}],"wp:featuredmedia":[{"embeddable":true,"href":"https:\/\/archive.sana.sy\/es\/index.php?rest_route=\/wp\/v2\/media\/258659"}],"wp:attachment":[{"href":"https:\/\/archive.sana.sy\/es\/index.php?rest_route=%2Fwp%2Fv2%2Fmedia&parent=258658"}],"wp:term":[{"taxonomy":"category","embeddable":true,"href":"https:\/\/archive.sana.sy\/es\/index.php?rest_route=%2Fwp%2Fv2%2Fcategories&post=258658"},{"taxonomy":"post_tag","embeddable":true,"href":"https:\/\/archive.sana.sy\/es\/index.php?rest_route=%2Fwp%2Fv2%2Ftags&post=258658"}],"curies":[{"name":"wp","href":"https:\/\/api.w.org\/{rel}","templated":true}]}}