{"id":25867,"date":"2015-06-30T22:37:16","date_gmt":"2015-06-30T19:37:16","guid":{"rendered":"http:\/\/sana.sy\/es\/?p=25867"},"modified":"2015-06-30T22:37:16","modified_gmt":"2015-06-30T19:37:16","slug":"lavrov-y-kerry-examinaran-la-lucha-contra-estado-islamico","status":"publish","type":"post","link":"https:\/\/archive.sana.sy\/es\/?p=25867","title":{"rendered":"Lavrov y Kerry examinar\u00e1n la lucha contra Estado Isl\u00e1mico"},"content":{"rendered":"<p><span style=\"color: #800000\">Viena-SANA<\/span><\/p>\n<p>El canciller ruso, Serguei Lavrov, discutir\u00e1 con su hom\u00f3logo estadounidense, John Kerry, hoy en Viena la lucha contra el terrorismo en el Medio Oriente.<\/p>\n<p>Ambos mandatarios debatieron en conversaci\u00f3n telef\u00f3nica durante la noche del 26 de junio &#8220;un conjunto de asuntos relacionados con la guerra antiterrorista, especialmente en el marco de la ampliaci\u00f3n de la influencia del EI en el Medio Oriente&#8221;, inform\u00f3 el servicio de prensa del Kremlin.<\/p>\n<p>Mosc\u00fa insiste en que todos los actores regionales y for\u00e1neos mancomunen esfuerzos en el combate contra la amenaza com\u00fan del terrorismo y el extremismo, y propone formar una coalici\u00f3n en el futuro.<\/p>\n<p>Lavrov record\u00f3 que el esfuerzo conjunto de enfrentar el terrorismo no debe ser ensombrecido por ninguna aspiraci\u00f3n geopol\u00edtica, y coment\u00f3 que cualquier apertura hacia esos elementos retorna como &#8220;un sangriento boomerang&#8221;.<\/p>\n<p>Al referirse al di\u00e1logo con Kerry en Viena por encargo de Putin y Obama, el jefe de la diplomacia rusa subray\u00f3 que prestar\u00e1n atenci\u00f3n a los intereses comunes de Mosc\u00fa, Washington y todos los pa\u00edses en la prevenci\u00f3n contra los planes del denominado EI.<\/p>\n<p>Es de se\u00f1alar que, Putin recibi\u00f3 este lunes al ministro sirio de Asuntos Exteriores, Wallid Muallen, con quien dialog\u00f3 acerca del enfrentamiento a los terroristas en aquella zona desangrada por los conflictos y los atentados extremistas, a\u00f1adi\u00f3 la web presidencial.<\/p>\n<p>M.Miri<\/p>\n","protected":false},"excerpt":{"rendered":"<p>Viena-SANA El canciller ruso, Serguei Lavrov, discutir\u00e1 con su hom\u00f3logo estadounidense, John Kerry, hoy en Viena la lucha contra el terrorismo en el Medio Oriente. Ambos mandatarios debatieron en conversaci\u00f3n telef\u00f3nica durante la noche del 26 de junio &#8220;un conjunto de asuntos relacionados con la guerra antiterrorista, especialmente en el marco de la ampliaci\u00f3n de &hellip;<\/p>\n","protected":false},"author":1,"featured_media":25868,"comment_status":"closed","ping_status":"closed","sticky":false,"template":"","format":"standard","meta":{"footnotes":""},"categories":[456,457,576],"tags":[5799],"class_list":["post-25867","post","type-post","status-publish","format-standard","has-post-thumbnail","","category-arabe-internacional-politica","category-noticias-arabe-internacional-politica","category-noticias-politicas","tag-lavrov-y-kerry-examinaran-la-lucha-contra-estado-islamico"],"_links":{"self":[{"href":"https:\/\/archive.sana.sy\/es\/index.php?rest_route=\/wp\/v2\/posts\/25867"}],"collection":[{"href":"https:\/\/archive.sana.sy\/es\/index.php?rest_route=\/wp\/v2\/posts"}],"about":[{"href":"https:\/\/archive.sana.sy\/es\/index.php?rest_route=\/wp\/v2\/types\/post"}],"author":[{"embeddable":true,"href":"https:\/\/archive.sana.sy\/es\/index.php?rest_route=\/wp\/v2\/users\/1"}],"replies":[{"embeddable":true,"href":"https:\/\/archive.sana.sy\/es\/index.php?rest_route=%2Fwp%2Fv2%2Fcomments&post=25867"}],"version-history":[{"count":0,"href":"https:\/\/archive.sana.sy\/es\/index.php?rest_route=\/wp\/v2\/posts\/25867\/revisions"}],"wp:featuredmedia":[{"embeddable":true,"href":"https:\/\/archive.sana.sy\/es\/index.php?rest_route=\/wp\/v2\/media\/25868"}],"wp:attachment":[{"href":"https:\/\/archive.sana.sy\/es\/index.php?rest_route=%2Fwp%2Fv2%2Fmedia&parent=25867"}],"wp:term":[{"taxonomy":"category","embeddable":true,"href":"https:\/\/archive.sana.sy\/es\/index.php?rest_route=%2Fwp%2Fv2%2Fcategories&post=25867"},{"taxonomy":"post_tag","embeddable":true,"href":"https:\/\/archive.sana.sy\/es\/index.php?rest_route=%2Fwp%2Fv2%2Ftags&post=25867"}],"curies":[{"name":"wp","href":"https:\/\/api.w.org\/{rel}","templated":true}]}}