{"id":258691,"date":"2022-10-22T13:30:44","date_gmt":"2022-10-22T10:30:44","guid":{"rendered":"http:\/\/107.6.182.27\/es\/?p=258691"},"modified":"2023-01-10T15:51:25","modified_gmt":"2023-01-10T13:51:25","slug":"la-union-europea-busca-disminuir-su-dependencia-de-china","status":"publish","type":"post","link":"https:\/\/archive.sana.sy\/es\/?p=258691","title":{"rendered":"La Uni\u00f3n Europea busca disminuir su dependencia de China"},"content":{"rendered":"<blockquote>\n<p style=\"text-align: justify;\"><span style=\"color: #800000;\"><strong>&#8220;El sistema chino es fundamentalmente diferente del nuestro. Y somos conscientes de la naturaleza de la rivalidad&#8221;.<\/strong><\/span><\/p>\n<\/blockquote>\n<p style=\"text-align: justify;\"><strong>Bruselas, 22 oct (Prensa Latina)\u00a0<\/strong> La presidenta de la Comisi\u00f3n Europea, Ursula von der Leyen, subray\u00f3 la necesidad de disminuir la dependencia que la UE tiene de China en el \u00e1mbito de las tecnolog\u00edas y las materias primas.<\/p>\n<p style=\"text-align: justify;\">La pol\u00edtica afirm\u00f3 que Pek\u00edn contin\u00faa realizando su &#8220;misi\u00f3n para establecer su dominio en Asia oriental y su influencia a nivel global&#8221;.<\/p>\n<p style=\"text-align: justify;\">&#8220;Al mismo tiempo, hemos sido testigos en febrero del llamado acuerdo sobre la asociaci\u00f3n sin l\u00edmites entre Rusia y China, justo antes de la invasi\u00f3n en Ucrania. Estos acontecimientos afectar\u00e1n la relaci\u00f3n entre la UE y China&#8221;, dijo citada por RT.<\/p>\n<p style=\"text-align: justify;\">Von der Leyen reiter\u00f3: &#8220;El sistema chino es fundamentalmente diferente del nuestro. Y somos conscientes de la naturaleza de la rivalidad&#8221;.<\/p>\n<p style=\"text-align: justify;\">sm\/fm<\/p>\n","protected":false},"excerpt":{"rendered":"<p>&#8220;El sistema chino es fundamentalmente diferente del nuestro. Y somos conscientes de la naturaleza de la rivalidad&#8221;. Bruselas, 22 oct (Prensa Latina)\u00a0 La presidenta de la Comisi\u00f3n Europea, Ursula von der Leyen, subray\u00f3 la necesidad de disminuir la dependencia que la UE tiene de China en el \u00e1mbito de las tecnolog\u00edas y las materias primas. &hellip;<\/p>\n","protected":false},"author":39,"featured_media":258692,"comment_status":"closed","ping_status":"closed","sticky":false,"template":"","format":"standard","meta":{"footnotes":""},"categories":[597,456,20724,7541],"tags":[10768,10754],"class_list":["post-258691","post","type-post","status-publish","format-standard","has-post-thumbnail","","category-cinta-de-noticias","category-arabe-internacional-politica","category-minuto-a-minuto","category-ultimas-noticias","tag-china","tag-union-europea"],"_links":{"self":[{"href":"https:\/\/archive.sana.sy\/es\/index.php?rest_route=\/wp\/v2\/posts\/258691"}],"collection":[{"href":"https:\/\/archive.sana.sy\/es\/index.php?rest_route=\/wp\/v2\/posts"}],"about":[{"href":"https:\/\/archive.sana.sy\/es\/index.php?rest_route=\/wp\/v2\/types\/post"}],"author":[{"embeddable":true,"href":"https:\/\/archive.sana.sy\/es\/index.php?rest_route=\/wp\/v2\/users\/39"}],"replies":[{"embeddable":true,"href":"https:\/\/archive.sana.sy\/es\/index.php?rest_route=%2Fwp%2Fv2%2Fcomments&post=258691"}],"version-history":[{"count":0,"href":"https:\/\/archive.sana.sy\/es\/index.php?rest_route=\/wp\/v2\/posts\/258691\/revisions"}],"wp:featuredmedia":[{"embeddable":true,"href":"https:\/\/archive.sana.sy\/es\/index.php?rest_route=\/wp\/v2\/media\/258692"}],"wp:attachment":[{"href":"https:\/\/archive.sana.sy\/es\/index.php?rest_route=%2Fwp%2Fv2%2Fmedia&parent=258691"}],"wp:term":[{"taxonomy":"category","embeddable":true,"href":"https:\/\/archive.sana.sy\/es\/index.php?rest_route=%2Fwp%2Fv2%2Fcategories&post=258691"},{"taxonomy":"post_tag","embeddable":true,"href":"https:\/\/archive.sana.sy\/es\/index.php?rest_route=%2Fwp%2Fv2%2Ftags&post=258691"}],"curies":[{"name":"wp","href":"https:\/\/api.w.org\/{rel}","templated":true}]}}