{"id":25870,"date":"2015-07-01T14:55:42","date_gmt":"2015-07-01T11:55:42","guid":{"rendered":"http:\/\/sana.sy\/es\/?p=25870"},"modified":"2015-07-01T15:05:37","modified_gmt":"2015-07-01T12:05:37","slug":"rusia-y-ee-uu-acuerdan-seguir-los-contactos-sobre-la-lucha-antiterrorista-en-medio-oriente","status":"publish","type":"post","link":"https:\/\/archive.sana.sy\/es\/?p=25870","title":{"rendered":"Rusia y EE.UU acuerdan seguir los contactos sobre la lucha antiterrorista en Medio Oriente"},"content":{"rendered":"<p><span style=\"color: #800000\">Viena, SANA<\/span><\/p>\n<p>El ministro de Exteriores ruso, Sergei Lavrov, anunci\u00f3 que hab\u00eda acordado con su hom\u00f3logo estadounidense, John Kerry, continuar los contactos sobre la lucha contra el terrorismo en Medio Oriente, con la participaci\u00f3n de los pa\u00edses de la regi\u00f3n.<\/p>\n<p>Al t\u00e9rmino de su reuni\u00f3n con Kerry en Viena, Lavrov expres\u00f3 la esperanza de que estos contactos tengan lugar en un futuro previsible.<\/p>\n<p>El canciller ruso indic\u00f3 que Mosc\u00fa y Washington comparten la percepci\u00f3n de que el problema de la organizaci\u00f3n terrorista del Estado Isl\u00e1mico (EI) requiere esfuerzos m\u00e1s eficaces, y agreg\u00f3 que \u00e9l intercambi\u00f3 con Kerry ideas espec\u00edficas sobre las formas de combatir al (EI) y la uni\u00f3n de los esfuerzos de todos los que creen el (EI) es un mal absoluto.<\/p>\n<p>El jefe de la diplomacia rusa manifest\u00f3 que &#8220;hay un entendimiento entre Rusia y Estados Unidos sobre la necesidad de prevenir la utilizaci\u00f3n de grupos terroristas para lograr objetivos inmediatos e instant\u00e1neos, sean contra el r\u00e9gimen o contra los otros bandos&#8221;.<\/p>\n<p>Respecto a las negociaciones sobre el expediente nuclear de Ir\u00e1n, Lavrov dijo que un acuerdo entre Teher\u00e1n y las grandes potencias &#8220;est\u00e1 cerca&#8221; y que las negociaciones avanzan en la direcci\u00f3n correcta.<\/p>\n<p>Las conversaciones entre Lavrov y Kerry se llevaron a cabo en Viena y fueron encargados por los presidentes Vladimir Putin y Barack Obama durante una reciente conversaci\u00f3n telef\u00f3nica entre ambos mandatarios.<\/p>\n<p>Fady M., Hala B.<\/p>\n","protected":false},"excerpt":{"rendered":"<p>Viena, SANA El ministro de Exteriores ruso, Sergei Lavrov, anunci\u00f3 que hab\u00eda acordado con su hom\u00f3logo estadounidense, John Kerry, continuar los contactos sobre la lucha contra el terrorismo en Medio Oriente, con la participaci\u00f3n de los pa\u00edses de la regi\u00f3n. Al t\u00e9rmino de su reuni\u00f3n con Kerry en Viena, Lavrov expres\u00f3 la esperanza de que &hellip;<\/p>\n","protected":false},"author":1,"featured_media":25871,"comment_status":"closed","ping_status":"closed","sticky":false,"template":"","format":"standard","meta":{"footnotes":""},"categories":[456,457,576],"tags":[5800],"class_list":["post-25870","post","type-post","status-publish","format-standard","has-post-thumbnail","","category-arabe-internacional-politica","category-noticias-arabe-internacional-politica","category-noticias-politicas","tag-rusia-y-ee-uu-acuerdan-seguir-los-contactos-sobre-la-lucha-antiterrorista-en-medio-oriente"],"_links":{"self":[{"href":"https:\/\/archive.sana.sy\/es\/index.php?rest_route=\/wp\/v2\/posts\/25870"}],"collection":[{"href":"https:\/\/archive.sana.sy\/es\/index.php?rest_route=\/wp\/v2\/posts"}],"about":[{"href":"https:\/\/archive.sana.sy\/es\/index.php?rest_route=\/wp\/v2\/types\/post"}],"author":[{"embeddable":true,"href":"https:\/\/archive.sana.sy\/es\/index.php?rest_route=\/wp\/v2\/users\/1"}],"replies":[{"embeddable":true,"href":"https:\/\/archive.sana.sy\/es\/index.php?rest_route=%2Fwp%2Fv2%2Fcomments&post=25870"}],"version-history":[{"count":0,"href":"https:\/\/archive.sana.sy\/es\/index.php?rest_route=\/wp\/v2\/posts\/25870\/revisions"}],"wp:featuredmedia":[{"embeddable":true,"href":"https:\/\/archive.sana.sy\/es\/index.php?rest_route=\/wp\/v2\/media\/25871"}],"wp:attachment":[{"href":"https:\/\/archive.sana.sy\/es\/index.php?rest_route=%2Fwp%2Fv2%2Fmedia&parent=25870"}],"wp:term":[{"taxonomy":"category","embeddable":true,"href":"https:\/\/archive.sana.sy\/es\/index.php?rest_route=%2Fwp%2Fv2%2Fcategories&post=25870"},{"taxonomy":"post_tag","embeddable":true,"href":"https:\/\/archive.sana.sy\/es\/index.php?rest_route=%2Fwp%2Fv2%2Ftags&post=25870"}],"curies":[{"name":"wp","href":"https:\/\/api.w.org\/{rel}","templated":true}]}}