{"id":25873,"date":"2015-07-01T12:02:34","date_gmt":"2015-07-01T09:02:34","guid":{"rendered":"http:\/\/sana.sy\/es\/?p=25873"},"modified":"2015-07-02T13:46:05","modified_gmt":"2015-07-02T10:46:05","slug":"al-moallem-el-rol-ruso-en-la-lucha-antiterrorista-es-clave-y-el-presidente-putin-esta-decidido-a-apoyar-a-siria","status":"publish","type":"post","link":"https:\/\/archive.sana.sy\/es\/?p=25873","title":{"rendered":"Al-Moallem: el rol ruso en la lucha antiterrorista es clave y el presidente Putin est\u00e1 decidido a apoyar a Siria"},"content":{"rendered":"<div><span lang=\"ES-TRAD\">Mosc\u00fa, SANA<\/span><\/div>\n<div><\/div>\n<div><span lang=\"ES-TRAD\">El ministro de Exteriores y Emigrantes, Walid al-Moallem, afirm\u00f3 que el presidente ruso, Vladimir Putin, est\u00e1 haciendo un gran esfuerzo y dedica un valioso tiempo para detener el derramamiento de sangre en Siria y restaurar la estabilidad en la regi\u00f3n.<\/span><\/div>\n<div><\/div>\n<div><span lang=\"ES-TRAD\">En una entrevista concedida al canal ruso RT, al-Moallem coment\u00f3 sobre el llamamiento del Presidente Putin para formar una alianza regional para combatir el terrorismo, diciendo: &#8220;requiere de un milagro que los Estados que han conspirado contra el pueblo sirio durante cuatro a\u00f1os y medio, financiando, entrenando y armando a los terroristas procedentes de cien pa\u00edses, se conviertan en pa\u00edses que luchan contra el terrorismo&#8221;, haciendo alusi\u00f3n que las resoluciones del Consejo de Seguridad emitidas en virtud del Cap\u00edtulo VII, obligan a estos pa\u00edses para combatir el terrorismo y prevenir armar, financiar y formar a los terroristas.<\/span><\/div>\n<div><\/div>\n<div><span lang=\"ES-TRAD\">El canciller sirio hizo alusi\u00f3n a la expansi\u00f3n del terrorismo de Siria e Irak a los Estados del Golfo, destacando que los recientes atentados en Arabia Saudita y Kuwait constituyen un alarma y una advertencia.<\/span><\/div>\n<div><\/div>\n<div><span lang=\"ES-TRAD\">Tambi\u00e9n precis\u00f3 que &#8220;el presidente Putin es un pol\u00edtico por excelencia, y los contactos entre Mosc\u00fa y capitales importantes de la regi\u00f3n llevaron a la conclusi\u00f3n alcanzada por el presidente Putin&#8221;.<\/span><\/div>\n<div><\/div>\n<div><span lang=\"ES-TRAD\">En respuesta a una pregunta sobre algunos pa\u00edses que dudan de los resultados de las elecciones que tuvieron lugar en Siria, el canciller sirio explic\u00f3 que el presidente Bashar al-Assad representa la mayor\u00eda del pueblo sirio, burl\u00e1ndose de pa\u00edses como Arabia Saudita y Jordania que ni siguiera celebran elecciones en sus pa\u00edses, por lo tanto no tienen derecho a criticar las elecciones en otros pa\u00edses.<\/span><\/div>\n<div><\/div>\n<div><span lang=\"ES-TRAD\">Sobre la posibilidad de entablar una coordinaci\u00f3n de seguridad entre Siria y los \u00a0pa\u00edses anteriormente mencionados para hacer frente a la amenaza de los grupos terroristas y extremistas, el canciller dijo: &#8220;en la lucha contra el terrorismo, estamos dispuestos a coordinar con todo el mundo para poner fin a este fen\u00f3meno que no s\u00f3lo afectar\u00e1 la seguridad y estabilidad de los pa\u00edses vecinos sino de todo el mundo, y esto fue lo que sucedi\u00f3 en Francia y antes en Bruselas&#8221;.<\/span><\/div>\n<div><\/div>\n<div><span lang=\"ES-TRAD\">Por otro lado, el ministro de Exteriores explic\u00f3 que &#8220;la presencia de una embajada o no, no es un inter\u00e9s de Siria solamente sino del pa\u00eds que quiere abrir la embajada, se\u00f1alando que la apertura o reapertura de una embajada depende de cada Estado&#8221;.<\/span><\/div>\n<div><\/div>\n<div><span lang=\"ES-TRAD\">En respuesta a una pregunta sobre la alianza regional para hacer frente al &#8220;Estado Isl\u00e1mico&#8221; y lo que se habla de un entendimiento ruso-estadounidense en este sentido lo cual \u00a0podr\u00eda cambiar la postura rusa respecto a Siria, al-Moallem respondi\u00f3 que el presidente &#8220;Putin est\u00e1 decidido a seguir apoyando a Siria pol\u00edtica, econ\u00f3mica y militarmente, sin ninguna confusi\u00f3n&#8221;.<\/span><\/div>\n<div><\/div>\n<div><span lang=\"ES-TRAD\">&#8220;Si hay un entendimiento ruso-estadounidense es porque Mosc\u00fa logr\u00f3 convencer a Estados Unidos que volviera a la raz\u00f3n&#8221; pregunt\u00e1ndose &#8220;c\u00f3mo Estados Unidos puede luchar contra el terrorismo en Siria y al mismo tiempo destin\u00f3 mil millones de d\u00f3lares para apoyar a la oposici\u00f3n y abri\u00f3 11 centros de entrenamiento para ellos Jordania&#8221;.<\/span><\/div>\n<div><\/div>\n<div><span lang=\"ES-TRAD\">Sobre la denominada &#8220;oposici\u00f3n moderada&#8221;, el canciller sirio dijo que no existe una &#8220;oposici\u00f3n moderada&#8221; porque quien mata no escribe sobre su bala la palabra &#8220;moderado&#8221;, se\u00f1alando que Estados Unidos debe avergonzarse de anunciar su asignaci\u00f3n a mil millones de d\u00f3lares para apoyar a terroristas que le da el nombre de &#8220;oposici\u00f3n moderada&#8221;.<\/span><\/div>\n<div><\/div>\n<div><span lang=\"ES-TRAD\">Al comentar sobre la relaci\u00f3n de Damasco con la autonom\u00eda anunciada por los kurdos en el norte de Siria, al-Moallem dijo: &#8220;Nosotros y el componente kurda somos como el resto de los otros componentes en Hassakeh.. los \u00e1rabes y los kurdos son parte del pueblo sirio y todo puede ser discutible mientras sea en el marco de la soberan\u00eda, independencia e integridad territorial de la Rep\u00fablica \u00c1rabe Siria&#8221;.<\/span><\/div>\n<div><\/div>\n<div><span lang=\"ES-TRAD\">Al comentar sobre la pregunta de que Siria era un jugador importante en la regi\u00f3n y hoy se ha convertido en un terreno para jugar, el canciller dijo: &#8220;en el juego de f\u00fatbol hay un descanso entre los dos tiempos, ahora estamos en el descanso y luego volvemos a la segunda mitad para jugar nuestro papel en la regi\u00f3n.&#8221;<\/span><\/div>\n<div><\/div>\n<div><span style=\"color: #00ccff\">Fady M., Hala B.<\/span><\/div>\n<div class=\"yj6qo ajU\">\n<div id=\":u4\" class=\"ajR\"><img decoding=\"async\" class=\"ajT\" src=\"https:\/\/ssl.gstatic.com\/ui\/v1\/icons\/mail\/images\/cleardot.gif\" alt=\"\" \/><\/div>\n<\/div>\n","protected":false},"excerpt":{"rendered":"<p>Mosc\u00fa, SANA El ministro de Exteriores y Emigrantes, Walid al-Moallem, afirm\u00f3 que el presidente ruso, Vladimir Putin, est\u00e1 haciendo un gran esfuerzo y dedica un valioso tiempo para detener el derramamiento de sangre en Siria y restaurar la estabilidad en la regi\u00f3n. En una entrevista concedida al canal ruso RT, al-Moallem coment\u00f3 sobre el llamamiento &hellip;<\/p>\n","protected":false},"author":1,"featured_media":25874,"comment_status":"closed","ping_status":"closed","sticky":false,"template":"","format":"standard","meta":{"footnotes":""},"categories":[597,456],"tags":[5801],"class_list":["post-25873","post","type-post","status-publish","format-standard","has-post-thumbnail","","category-cinta-de-noticias","category-arabe-internacional-politica","tag-al-moallem-el-rol-ruso-en-la-lucha-antiterrorista-es-clave-y-el-presidente-putin-esta-decidido-a-apoyar-a-siria"],"_links":{"self":[{"href":"https:\/\/archive.sana.sy\/es\/index.php?rest_route=\/wp\/v2\/posts\/25873"}],"collection":[{"href":"https:\/\/archive.sana.sy\/es\/index.php?rest_route=\/wp\/v2\/posts"}],"about":[{"href":"https:\/\/archive.sana.sy\/es\/index.php?rest_route=\/wp\/v2\/types\/post"}],"author":[{"embeddable":true,"href":"https:\/\/archive.sana.sy\/es\/index.php?rest_route=\/wp\/v2\/users\/1"}],"replies":[{"embeddable":true,"href":"https:\/\/archive.sana.sy\/es\/index.php?rest_route=%2Fwp%2Fv2%2Fcomments&post=25873"}],"version-history":[{"count":0,"href":"https:\/\/archive.sana.sy\/es\/index.php?rest_route=\/wp\/v2\/posts\/25873\/revisions"}],"wp:featuredmedia":[{"embeddable":true,"href":"https:\/\/archive.sana.sy\/es\/index.php?rest_route=\/wp\/v2\/media\/25874"}],"wp:attachment":[{"href":"https:\/\/archive.sana.sy\/es\/index.php?rest_route=%2Fwp%2Fv2%2Fmedia&parent=25873"}],"wp:term":[{"taxonomy":"category","embeddable":true,"href":"https:\/\/archive.sana.sy\/es\/index.php?rest_route=%2Fwp%2Fv2%2Fcategories&post=25873"},{"taxonomy":"post_tag","embeddable":true,"href":"https:\/\/archive.sana.sy\/es\/index.php?rest_route=%2Fwp%2Fv2%2Ftags&post=25873"}],"curies":[{"name":"wp","href":"https:\/\/api.w.org\/{rel}","templated":true}]}}