{"id":25878,"date":"2015-07-01T12:42:32","date_gmt":"2015-07-01T09:42:32","guid":{"rendered":"http:\/\/sana.sy\/es\/?p=25878"},"modified":"2015-07-01T12:42:32","modified_gmt":"2015-07-01T09:42:32","slug":"onu-el-mundo-deberia-avergonzarse-por-su-fracaso-en-poner-fin-a-la-crisis-siria","status":"publish","type":"post","link":"https:\/\/archive.sana.sy\/es\/?p=25878","title":{"rendered":"ONU: El mundo deber\u00eda avergonzarse por su fracaso en poner fin a la crisis siria"},"content":{"rendered":"<div><span lang=\"ES-TRAD\" style=\"color: #ff0000\">Nueva York, SANA<\/span><\/div>\n<div><\/div>\n<div><span lang=\"ES-TRAD\">El secretario general de las Naciones Unidas, Ban Ki-moon, critic\u00f3 a la comunidad internacional por su fracaso en terminar la guerra en Siria y la continuaci\u00f3n de la crisis en el pa\u00eds.<\/span><\/div>\n<div><\/div>\n<div><span lang=\"ES-TRAD\">A trav\u00e9s de un comunicado emitido el martes con el motivo del tercer aniversario del acuerdo de Ginebra I para la paz en Siria, Ki-moon precis\u00f3que el mundo debe avergonzarse de que tres a\u00f1os despu\u00e9s de la adopci\u00f3n de la Declaraci\u00f3n de Ginebra, contin\u00faa la crisis siria y el sufrimiento del pueblo sirio a consecuencia de la guerra&#8221;.<\/span><\/div>\n<div><\/div>\n<div><span lang=\"ES-TRAD\">El titular de la ONU, al lamentarse por los da\u00f1os causados al patrimonio cultural sirio por la invasi\u00f3n de grupos extremistas, advirti\u00f3 del dominio de ciertos grupos violentos, entre ellos, el grupo takfir\u00ed dl Estado Isl\u00e1mico y el Frente Al-Nusra, afiliado a Al-Qaeda.<\/span><\/div>\n<div><\/div>\n<div><span lang=\"ES-TRAD\">El diplom\u00e1tico declar\u00f3 que ya es hora de encontrar una salida a esta guerra y que la comunidad internacional, especialmente el Consejo de Seguridad de Naciones Unidas, no puede perder m\u00e1s tiempo para acabar con el ciclo de violencia en este pa\u00eds.<\/span><\/div>\n<div><\/div>\n<div><span lang=\"ES-TRAD\">Finalmente, Ban solicit\u00f3 a todo el mundo para cooperar con su enviado especial para Siria, Staffan de Mistura, con el prop\u00f3sito de encontrar una soluci\u00f3n pac\u00edfica al conflicto.<\/span><\/div>\n<div><\/div>\n<div><span style=\"color: #00ccff\">Fady M., Hala B.<\/span><\/div>\n<div class=\"yj6qo ajU\">\n<div id=\":up\" class=\"ajR\"><img decoding=\"async\" class=\"ajT\" src=\"https:\/\/ssl.gstatic.com\/ui\/v1\/icons\/mail\/images\/cleardot.gif\" alt=\"\" \/><\/div>\n<\/div>\n","protected":false},"excerpt":{"rendered":"<p>Nueva York, SANA El secretario general de las Naciones Unidas, Ban Ki-moon, critic\u00f3 a la comunidad internacional por su fracaso en terminar la guerra en Siria y la continuaci\u00f3n de la crisis en el pa\u00eds. A trav\u00e9s de un comunicado emitido el martes con el motivo del tercer aniversario del acuerdo de Ginebra I para &hellip;<\/p>\n","protected":false},"author":1,"featured_media":25879,"comment_status":"closed","ping_status":"closed","sticky":false,"template":"","format":"standard","meta":{"footnotes":""},"categories":[456,576],"tags":[5802],"class_list":["post-25878","post","type-post","status-publish","format-standard","has-post-thumbnail","","category-arabe-internacional-politica","category-noticias-politicas","tag-onu-el-mundo-deberia-avergonzarse-por-su-fracaso-en-poner-fin-a-la-crisis-siria"],"_links":{"self":[{"href":"https:\/\/archive.sana.sy\/es\/index.php?rest_route=\/wp\/v2\/posts\/25878"}],"collection":[{"href":"https:\/\/archive.sana.sy\/es\/index.php?rest_route=\/wp\/v2\/posts"}],"about":[{"href":"https:\/\/archive.sana.sy\/es\/index.php?rest_route=\/wp\/v2\/types\/post"}],"author":[{"embeddable":true,"href":"https:\/\/archive.sana.sy\/es\/index.php?rest_route=\/wp\/v2\/users\/1"}],"replies":[{"embeddable":true,"href":"https:\/\/archive.sana.sy\/es\/index.php?rest_route=%2Fwp%2Fv2%2Fcomments&post=25878"}],"version-history":[{"count":0,"href":"https:\/\/archive.sana.sy\/es\/index.php?rest_route=\/wp\/v2\/posts\/25878\/revisions"}],"wp:featuredmedia":[{"embeddable":true,"href":"https:\/\/archive.sana.sy\/es\/index.php?rest_route=\/wp\/v2\/media\/25879"}],"wp:attachment":[{"href":"https:\/\/archive.sana.sy\/es\/index.php?rest_route=%2Fwp%2Fv2%2Fmedia&parent=25878"}],"wp:term":[{"taxonomy":"category","embeddable":true,"href":"https:\/\/archive.sana.sy\/es\/index.php?rest_route=%2Fwp%2Fv2%2Fcategories&post=25878"},{"taxonomy":"post_tag","embeddable":true,"href":"https:\/\/archive.sana.sy\/es\/index.php?rest_route=%2Fwp%2Fv2%2Ftags&post=25878"}],"curies":[{"name":"wp","href":"https:\/\/api.w.org\/{rel}","templated":true}]}}