{"id":258879,"date":"2022-10-23T16:08:51","date_gmt":"2022-10-23T13:08:51","guid":{"rendered":"http:\/\/107.6.182.27\/es\/?p=258879"},"modified":"2023-01-10T15:51:23","modified_gmt":"2023-01-10T13:51:23","slug":"258879","status":"publish","type":"post","link":"https:\/\/archive.sana.sy\/es\/?p=258879","title":{"rendered":"Un caza Su-30 se estrell\u00f3 contra edificio residencial en la ciudad rusa de Irkutsk"},"content":{"rendered":"<blockquote><p><strong>En la ciudad de Irkutsk se ubica la f\u00e1brica de aviaci\u00f3n que produce aviones Su y sus componentes. Cerca de la planta, en el aer\u00f3dromo Irkutsk-2, se realizan regularmente los vuelos de prueba de las nuevas aeronaves.<\/strong><\/p><\/blockquote>\n<p><span style=\"color: #800000;\"><strong>Mosc\u00fa, 23 oct (SANA)\u00a0<\/strong><\/span> \u00a0 Un caza Su-30 se estrell\u00f3 hoy contra un edificio residencial de dos plantas en la ciudad rusa de Irkutsk, en el sur de Siberia, cerca de la frontera con Mongolia.<\/p>\n<p>Seg\u00fan difundi\u00f3 la agencia Sputnik, los dos pilotos de la nave fallecieron, mientras el Ministerio de Emergencias asegur\u00f3 que no hubo v\u00edctimas entre los civiles.<\/p>\n<p>El accidente se produjo durante un vuelo de pruebas para su transferencia y aceptaci\u00f3n, comunican desde la Corporaci\u00f3n Aeron\u00e1utica Unida rusa (UAC).<\/p>\n<p>En la ciudad de Irkutsk se ubica la f\u00e1brica de aviaci\u00f3n que produce aviones Su y sus componentes. Cerca de la planta, en el aer\u00f3dromo Irkutsk-2, se realizan regularmente los vuelos de prueba de las nuevas aeronaves.<\/p>\n<p>fm\/ed<\/p>\n","protected":false},"excerpt":{"rendered":"<p>En la ciudad de Irkutsk se ubica la f\u00e1brica de aviaci\u00f3n que produce aviones Su y sus componentes. Cerca de la planta, en el aer\u00f3dromo Irkutsk-2, se realizan regularmente los vuelos de prueba de las nuevas aeronaves. Mosc\u00fa, 23 oct (SANA)\u00a0 \u00a0 Un caza Su-30 se estrell\u00f3 hoy contra un edificio residencial de dos plantas &hellip;<\/p>\n","protected":false},"author":32,"featured_media":258880,"comment_status":"closed","ping_status":"closed","sticky":false,"template":"","format":"standard","meta":{"footnotes":""},"categories":[597,456,7541],"tags":[],"class_list":["post-258879","post","type-post","status-publish","format-standard","has-post-thumbnail","","category-cinta-de-noticias","category-arabe-internacional-politica","category-ultimas-noticias"],"_links":{"self":[{"href":"https:\/\/archive.sana.sy\/es\/index.php?rest_route=\/wp\/v2\/posts\/258879"}],"collection":[{"href":"https:\/\/archive.sana.sy\/es\/index.php?rest_route=\/wp\/v2\/posts"}],"about":[{"href":"https:\/\/archive.sana.sy\/es\/index.php?rest_route=\/wp\/v2\/types\/post"}],"author":[{"embeddable":true,"href":"https:\/\/archive.sana.sy\/es\/index.php?rest_route=\/wp\/v2\/users\/32"}],"replies":[{"embeddable":true,"href":"https:\/\/archive.sana.sy\/es\/index.php?rest_route=%2Fwp%2Fv2%2Fcomments&post=258879"}],"version-history":[{"count":0,"href":"https:\/\/archive.sana.sy\/es\/index.php?rest_route=\/wp\/v2\/posts\/258879\/revisions"}],"wp:featuredmedia":[{"embeddable":true,"href":"https:\/\/archive.sana.sy\/es\/index.php?rest_route=\/wp\/v2\/media\/258880"}],"wp:attachment":[{"href":"https:\/\/archive.sana.sy\/es\/index.php?rest_route=%2Fwp%2Fv2%2Fmedia&parent=258879"}],"wp:term":[{"taxonomy":"category","embeddable":true,"href":"https:\/\/archive.sana.sy\/es\/index.php?rest_route=%2Fwp%2Fv2%2Fcategories&post=258879"},{"taxonomy":"post_tag","embeddable":true,"href":"https:\/\/archive.sana.sy\/es\/index.php?rest_route=%2Fwp%2Fv2%2Ftags&post=258879"}],"curies":[{"name":"wp","href":"https:\/\/api.w.org\/{rel}","templated":true}]}}