{"id":25888,"date":"2015-07-01T14:53:24","date_gmt":"2015-07-01T11:53:24","guid":{"rendered":"http:\/\/sana.sy\/es\/?p=25888"},"modified":"2015-07-01T14:53:24","modified_gmt":"2015-07-01T11:53:24","slug":"ejercito-libanes-mata-a-cinco-terroristas-en-jarrod-arsal","status":"publish","type":"post","link":"https:\/\/archive.sana.sy\/es\/?p=25888","title":{"rendered":"Ej\u00e9rcito liban\u00e9s mata a cinco terroristas en Jarrod Arsal"},"content":{"rendered":"<div><span lang=\"ES-TRAD\" style=\"color: #ff0000\">Beirut, SANA<\/span><\/div>\n<div><\/div>\n<div><span lang=\"ES-TRAD\">El ej\u00e9rcito liban\u00e9s abati\u00f3 la noche del martes a cinco terroristas del Frente al-Nousra en la zona de Jarrod Arsal al este del L\u00edbano.<\/span><\/div>\n<div><\/div>\n<div><span lang=\"ES-TRAD\">La Agencia Nacional libanesa de Noticias inform\u00f3 que &#8220;el ej\u00e9rcito liban\u00e9s embosc\u00f3 a terroristas cerca de las canteras en Jarrod Arsal y elimin\u00f3 a cinco de ellos.<\/span><\/div>\n<div><\/div>\n<div><span lang=\"ES-TRAD\">El ej\u00e9rcito liban\u00e9s hab\u00eda bombardeado con artiller\u00eda pesada a las concentraciones de los grupos terroristas en Ras Balbek.<\/span><\/div>\n<div><\/div>\n<div><span lang=\"ES-TRAD\">El Comando del Ej\u00e9rcito liban\u00e9s hab\u00eda anunciado en un comunicado el arresto de dos terroristas, uno liban\u00e9s y el otro sirio, en las inmediaciones de la localidad de Arsal por cargos de terrorismo y entrada ilegal en el territorio liban\u00e9s.<\/span><\/div>\n<div><\/div>\n<div><span style=\"color: #00ccff\">Fady M., Hala B.<\/span><\/div>\n<div class=\"yj6qo ajU\">\n<div id=\":1z6\" class=\"ajR\"><img decoding=\"async\" class=\"ajT\" src=\"https:\/\/ssl.gstatic.com\/ui\/v1\/icons\/mail\/images\/cleardot.gif\" alt=\"\" \/><\/div>\n<\/div>\n","protected":false},"excerpt":{"rendered":"<p>Beirut, SANA El ej\u00e9rcito liban\u00e9s abati\u00f3 la noche del martes a cinco terroristas del Frente al-Nousra en la zona de Jarrod Arsal al este del L\u00edbano. La Agencia Nacional libanesa de Noticias inform\u00f3 que &#8220;el ej\u00e9rcito liban\u00e9s embosc\u00f3 a terroristas cerca de las canteras en Jarrod Arsal y elimin\u00f3 a cinco de ellos. El ej\u00e9rcito &hellip;<\/p>\n","protected":false},"author":1,"featured_media":25889,"comment_status":"closed","ping_status":"closed","sticky":false,"template":"","format":"standard","meta":{"footnotes":""},"categories":[456],"tags":[5805],"class_list":["post-25888","post","type-post","status-publish","format-standard","has-post-thumbnail","","category-arabe-internacional-politica","tag-ejercito-libanes-mata-a-cinco-terroristas-en-jarrod-arsal"],"_links":{"self":[{"href":"https:\/\/archive.sana.sy\/es\/index.php?rest_route=\/wp\/v2\/posts\/25888"}],"collection":[{"href":"https:\/\/archive.sana.sy\/es\/index.php?rest_route=\/wp\/v2\/posts"}],"about":[{"href":"https:\/\/archive.sana.sy\/es\/index.php?rest_route=\/wp\/v2\/types\/post"}],"author":[{"embeddable":true,"href":"https:\/\/archive.sana.sy\/es\/index.php?rest_route=\/wp\/v2\/users\/1"}],"replies":[{"embeddable":true,"href":"https:\/\/archive.sana.sy\/es\/index.php?rest_route=%2Fwp%2Fv2%2Fcomments&post=25888"}],"version-history":[{"count":0,"href":"https:\/\/archive.sana.sy\/es\/index.php?rest_route=\/wp\/v2\/posts\/25888\/revisions"}],"wp:featuredmedia":[{"embeddable":true,"href":"https:\/\/archive.sana.sy\/es\/index.php?rest_route=\/wp\/v2\/media\/25889"}],"wp:attachment":[{"href":"https:\/\/archive.sana.sy\/es\/index.php?rest_route=%2Fwp%2Fv2%2Fmedia&parent=25888"}],"wp:term":[{"taxonomy":"category","embeddable":true,"href":"https:\/\/archive.sana.sy\/es\/index.php?rest_route=%2Fwp%2Fv2%2Fcategories&post=25888"},{"taxonomy":"post_tag","embeddable":true,"href":"https:\/\/archive.sana.sy\/es\/index.php?rest_route=%2Fwp%2Fv2%2Ftags&post=25888"}],"curies":[{"name":"wp","href":"https:\/\/api.w.org\/{rel}","templated":true}]}}