{"id":258883,"date":"2022-10-23T16:18:11","date_gmt":"2022-10-23T13:18:11","guid":{"rendered":"http:\/\/107.6.182.27\/es\/?p=258883"},"modified":"2023-01-10T15:51:23","modified_gmt":"2023-01-10T13:51:23","slug":"kiev-podria-acudir-a-provocaciones-con-una-bomba-sucia-afirma-shoigu","status":"publish","type":"post","link":"https:\/\/archive.sana.sy\/es\/?p=258883","title":{"rendered":"Kiev podr\u00eda acudir a provocaciones con una bomba sucia, afirma Shoig\u00fa"},"content":{"rendered":"<p style=\"text-align: justify;\"><span style=\"color: #800000;\"><strong>Mosc\u00fa, 23 oct (SANA)\u00a0<\/strong><\/span> \u00a0El ministro de Defensa ruso, Sergu\u00e9i Shoig\u00fa, sostuvo una conversaci\u00f3n telef\u00f3nica con su hom\u00f3logo de Francia, S\u00e9bastien Lecornu, durante la cual abord\u00f3 la situaci\u00f3n en Ucrania.<\/p>\n<p style=\"text-align: justify;\">Seg\u00fan rez\u00f3 un comunicado del Ministerio de Defensa ruso,<br \/>\nla tendencia de la situaci\u00f3n en Ucrania va hacia una escalada incontrolable ulterior&#8221;.<\/p>\n<p style=\"text-align: justify;\">Shoig\u00fa inform\u00f3 a Lecornu sobre &#8220;posibles provocaciones por parte de Ucrania con el uso de una bomba sucia&#8221;.<\/p>\n<p style=\"text-align: justify;\">Citando fuentes fidedignas de varios pa\u00edses, incluida Ucrania, la agencia RIA Novosti asegura que, bajo la direcci\u00f3n de supervisores occidentales se iniciaron trabajos para la producci\u00f3n de bombas sucias radioactivas.<\/p>\n<p style=\"text-align: justify;\">El prop\u00f3sito de Ucrania al recurrir a esas pr\u00e1cticas es que se culpe a Rusia del uso de armas de destrucci\u00f3n masiva en el marco de su operaci\u00f3n especial en ese territorio.<\/p>\n<p style=\"text-align: justify;\">fm\/ed<\/p>\n","protected":false},"excerpt":{"rendered":"<p>Mosc\u00fa, 23 oct (SANA)\u00a0 \u00a0El ministro de Defensa ruso, Sergu\u00e9i Shoig\u00fa, sostuvo una conversaci\u00f3n telef\u00f3nica con su hom\u00f3logo de Francia, S\u00e9bastien Lecornu, durante la cual abord\u00f3 la situaci\u00f3n en Ucrania. Seg\u00fan rez\u00f3 un comunicado del Ministerio de Defensa ruso, la tendencia de la situaci\u00f3n en Ucrania va hacia una escalada incontrolable ulterior&#8221;. Shoig\u00fa inform\u00f3 a &hellip;<\/p>\n","protected":false},"author":32,"featured_media":258885,"comment_status":"closed","ping_status":"closed","sticky":false,"template":"","format":"standard","meta":{"footnotes":""},"categories":[597,456,7541],"tags":[7016],"class_list":["post-258883","post","type-post","status-publish","format-standard","has-post-thumbnail","","category-cinta-de-noticias","category-arabe-internacional-politica","category-ultimas-noticias","tag-moscu"],"_links":{"self":[{"href":"https:\/\/archive.sana.sy\/es\/index.php?rest_route=\/wp\/v2\/posts\/258883"}],"collection":[{"href":"https:\/\/archive.sana.sy\/es\/index.php?rest_route=\/wp\/v2\/posts"}],"about":[{"href":"https:\/\/archive.sana.sy\/es\/index.php?rest_route=\/wp\/v2\/types\/post"}],"author":[{"embeddable":true,"href":"https:\/\/archive.sana.sy\/es\/index.php?rest_route=\/wp\/v2\/users\/32"}],"replies":[{"embeddable":true,"href":"https:\/\/archive.sana.sy\/es\/index.php?rest_route=%2Fwp%2Fv2%2Fcomments&post=258883"}],"version-history":[{"count":0,"href":"https:\/\/archive.sana.sy\/es\/index.php?rest_route=\/wp\/v2\/posts\/258883\/revisions"}],"wp:featuredmedia":[{"embeddable":true,"href":"https:\/\/archive.sana.sy\/es\/index.php?rest_route=\/wp\/v2\/media\/258885"}],"wp:attachment":[{"href":"https:\/\/archive.sana.sy\/es\/index.php?rest_route=%2Fwp%2Fv2%2Fmedia&parent=258883"}],"wp:term":[{"taxonomy":"category","embeddable":true,"href":"https:\/\/archive.sana.sy\/es\/index.php?rest_route=%2Fwp%2Fv2%2Fcategories&post=258883"},{"taxonomy":"post_tag","embeddable":true,"href":"https:\/\/archive.sana.sy\/es\/index.php?rest_route=%2Fwp%2Fv2%2Ftags&post=258883"}],"curies":[{"name":"wp","href":"https:\/\/api.w.org\/{rel}","templated":true}]}}